{"id":30019,"date":"2025-01-21T01:57:40","date_gmt":"2025-01-21T01:57:40","guid":{"rendered":"https:\/\/icoinformativo.mx\/home\/?p=30019"},"modified":"2025-01-21T01:57:40","modified_gmt":"2025-01-21T01:57:40","slug":"cae-uno-de-los-principales-lideres-de-los-motonetos","status":"publish","type":"post","link":"https:\/\/icoinformativo.mx\/home\/?p=30019","title":{"rendered":"Cae uno de los principales l\u00edderes de \u201cLos motonetos\u201d"},"content":{"rendered":"<p>&nbsp;<\/p>\n<p>En menos de 48 horas, el operativo de la Fiscal\u00eda General del Estado de Chiapas, la Secretar\u00eda de Seguridad del Pueblo y la Secretar\u00eda de la Defensa Nacional, lograron la aprehensi\u00f3n Diego \u201cN\u201d, uno de los principales l\u00edderes de los llamados \u201cMotonetos\u201d de San Crist\u00f3bal de Las Casas<\/p>\n<p>&nbsp;<\/p>\n<p>Diego \u201cN\u201d, conocido tambi\u00e9n como \u201cLa rata gorda\u201d, es presuntamente una de las personas generadoras de violencia en la zona norte de esta ciudad de los altos de Chiapas.<\/p>\n<p>&nbsp;<\/p>\n<p>Fue detenido presuntamente por el delito de atentado contra la paz y la integridad corporal y patrimonial de la colectividad y del estado, quedando a disposici\u00f3n de las autoridades que determinar\u00e1n su situaci\u00f3n jur\u00eddica.<\/p>\n","protected":false},"excerpt":{"rendered":"<p>&nbsp; En menos de 48 horas, el operativo de la Fiscal\u00eda General del Estado de&#8230;<\/p>\n","protected":false},"author":2,"featured_media":30020,"comment_status":"closed","ping_status":"closed","sticky":false,"template":"","format":"standard","meta":{"_joinchat":[],"footnotes":""},"categories":[18,1,2,3],"tags":[],"class_list":["post-30019","post","type-post","status-publish","format-standard","has-post-thumbnail","hentry","category-almomento","category-boletin","category-estado","category-health"],"_links":{"self":[{"href":"https:\/\/icoinformativo.mx\/home\/index.php?rest_route=\/wp\/v2\/posts\/30019","targetHints":{"allow":["GET"]}}],"collection":[{"href":"https:\/\/icoinformativo.mx\/home\/index.php?rest_route=\/wp\/v2\/posts"}],"about":[{"href":"https:\/\/icoinformativo.mx\/home\/index.php?rest_route=\/wp\/v2\/types\/post"}],"author":[{"embeddable":true,"href":"https:\/\/icoinformativo.mx\/home\/index.php?rest_route=\/wp\/v2\/users\/2"}],"replies":[{"embeddable":true,"href":"https:\/\/icoinformativo.mx\/home\/index.php?rest_route=%2Fwp%2Fv2%2Fcomments&post=30019"}],"version-history":[{"count":1,"href":"https:\/\/icoinformativo.mx\/home\/index.php?rest_route=\/wp\/v2\/posts\/30019\/revisions"}],"predecessor-version":[{"id":30021,"href":"https:\/\/icoinformativo.mx\/home\/index.php?rest_route=\/wp\/v2\/posts\/30019\/revisions\/30021"}],"wp:featuredmedia":[{"embeddable":true,"href":"https:\/\/icoinformativo.mx\/home\/index.php?rest_route=\/wp\/v2\/media\/30020"}],"wp:attachment":[{"href":"https:\/\/icoinformativo.mx\/home\/index.php?rest_route=%2Fwp%2Fv2%2Fmedia&parent=30019"}],"wp:term":[{"taxonomy":"category","embeddable":true,"href":"https:\/\/icoinformativo.mx\/home\/index.php?rest_route=%2Fwp%2Fv2%2Fcategories&post=30019"},{"taxonomy":"post_tag","embeddable":true,"href":"https:\/\/icoinformativo.mx\/home\/index.php?rest_route=%2Fwp%2Fv2%2Ftags&post=30019"}],"curies":[{"name":"wp","href":"https:\/\/api.w.org\/{rel}","templated":true}]}}