{"id":30016,"date":"2025-01-21T01:44:25","date_gmt":"2025-01-21T01:44:25","guid":{"rendered":"https:\/\/icoinformativo.mx\/home\/?p=30016"},"modified":"2025-01-21T01:44:25","modified_gmt":"2025-01-21T01:44:25","slug":"alcalde-de-reforma-prioriza-atencion-a-ciudadanos","status":"publish","type":"post","link":"https:\/\/icoinformativo.mx\/home\/?p=30016","title":{"rendered":"Alcalde de Reforma prioriza atenci\u00f3n a ciudadanos"},"content":{"rendered":"<p>Pedro Ram\u00edrez Ramos, presidente municipal de Reforma, sigue demostrando su compromiso con la ciudadan\u00eda al mantener una atenci\u00f3n directa y constante. Cada lunes, rinde honores al l\u00e1baro patrio junto con los funcionarios de la administraci\u00f3n, destacando la importancia de atender a quienes han depositado su confianza en \u00e9l para dirigir el municipio durante tres a\u00f1os.<\/p>\n<p>&nbsp;<\/p>\n<p>Posteriormente, se re\u00fane con hombres y mujeres de diferentes colonias, barrios y comunidades del municipio petrolero, abriendo las puertas de su oficina para atender a cada uno que solicita audiencia. Esto refleja su enfoque en la atenci\u00f3n ciudadana y su compromiso con la resoluci\u00f3n de problemas y el apoyo a los ciudadanos.<\/p>\n<p>&nbsp;<\/p>\n<p>Ram\u00edrez Ramos ha convertido esta pr\u00e1ctica en algo cotidiano, lo que demuestra su dedicaci\u00f3n a mantener un gobierno cercano y transparente. Su enfoque en la atenci\u00f3n directa y la escucha activa de las necesidades de la ciudadan\u00eda es un aspecto clave de su administraci\u00f3n.<\/p>\n","protected":false},"excerpt":{"rendered":"<p>Pedro Ram\u00edrez Ramos, presidente municipal de Reforma, sigue demostrando su compromiso con la ciudadan\u00eda al&#8230;<\/p>\n","protected":false},"author":2,"featured_media":30017,"comment_status":"closed","ping_status":"closed","sticky":false,"template":"","format":"standard","meta":{"_joinchat":[],"footnotes":""},"categories":[18,1,2,3],"tags":[],"class_list":["post-30016","post","type-post","status-publish","format-standard","has-post-thumbnail","hentry","category-almomento","category-boletin","category-estado","category-health"],"_links":{"self":[{"href":"https:\/\/icoinformativo.mx\/home\/index.php?rest_route=\/wp\/v2\/posts\/30016","targetHints":{"allow":["GET"]}}],"collection":[{"href":"https:\/\/icoinformativo.mx\/home\/index.php?rest_route=\/wp\/v2\/posts"}],"about":[{"href":"https:\/\/icoinformativo.mx\/home\/index.php?rest_route=\/wp\/v2\/types\/post"}],"author":[{"embeddable":true,"href":"https:\/\/icoinformativo.mx\/home\/index.php?rest_route=\/wp\/v2\/users\/2"}],"replies":[{"embeddable":true,"href":"https:\/\/icoinformativo.mx\/home\/index.php?rest_route=%2Fwp%2Fv2%2Fcomments&post=30016"}],"version-history":[{"count":1,"href":"https:\/\/icoinformativo.mx\/home\/index.php?rest_route=\/wp\/v2\/posts\/30016\/revisions"}],"predecessor-version":[{"id":30018,"href":"https:\/\/icoinformativo.mx\/home\/index.php?rest_route=\/wp\/v2\/posts\/30016\/revisions\/30018"}],"wp:featuredmedia":[{"embeddable":true,"href":"https:\/\/icoinformativo.mx\/home\/index.php?rest_route=\/wp\/v2\/media\/30017"}],"wp:attachment":[{"href":"https:\/\/icoinformativo.mx\/home\/index.php?rest_route=%2Fwp%2Fv2%2Fmedia&parent=30016"}],"wp:term":[{"taxonomy":"category","embeddable":true,"href":"https:\/\/icoinformativo.mx\/home\/index.php?rest_route=%2Fwp%2Fv2%2Fcategories&post=30016"},{"taxonomy":"post_tag","embeddable":true,"href":"https:\/\/icoinformativo.mx\/home\/index.php?rest_route=%2Fwp%2Fv2%2Ftags&post=30016"}],"curies":[{"name":"wp","href":"https:\/\/api.w.org\/{rel}","templated":true}]}}