{"id":30013,"date":"2025-01-21T01:42:02","date_gmt":"2025-01-21T01:42:02","guid":{"rendered":"https:\/\/icoinformativo.mx\/home\/?p=30013"},"modified":"2025-01-21T01:42:02","modified_gmt":"2025-01-21T01:42:02","slug":"visita-eduardo-ramirez-el-albergue-jesus-el-buen-pastor-en-tapachula","status":"publish","type":"post","link":"https:\/\/icoinformativo.mx\/home\/?p=30013","title":{"rendered":"*Visita Eduardo Ram\u00edrez el Albergue Jes\u00fas el Buen Pastor, en Tapachula*"},"content":{"rendered":"<p>&nbsp;<\/p>\n<p>Al atestiguar la Jornada de Atenci\u00f3n Humanitaria a la Poblaci\u00f3n en Condiciones de Tr\u00e1nsito Migratorio y Repatriaci\u00f3n, en Tapachula, el gobernador Eduardo Ram\u00edrez Aguilar reafirm\u00f3 que apoyar\u00e1 a las personas que lo necesiten siempre desde una perspectiva humanista.<\/p>\n<p>&nbsp;<\/p>\n<p>En ese marco, el mandatario visit\u00f3 el Albergue \u201cJes\u00fas el Buen Pastor del Pobre y el Migrante\u201d, donde reconoci\u00f3 la labor humanitaria de su presidenta Olga S\u00e1nchez Mart\u00ednez, y reiter\u00f3 el compromiso de dignificar este espacio para garantizar una estancia adecuada a las personas migrantes. Coment\u00f3 que adem\u00e1s de alimentaci\u00f3n, se les brindar\u00e1 atenci\u00f3n en materia de salud y seguridad.<\/p>\n<p>&nbsp;<\/p>\n<p>\u00abMuchas gracias, madre Olga S\u00e1nchez, le promet\u00ed que como gobernador iba a apoyarla y aqu\u00ed estoy cumpliendo mi palabra, porque s\u00e9 del gran trabajo que hace para ayudar a la poblaci\u00f3n migrante desde hace muchos a\u00f1os\u00bb, agreg\u00f3.<\/p>\n<p>&nbsp;<\/p>\n<p>En ese sentido, Ram\u00edrez Aguilar exhort\u00f3 a las y los migrantes a no dejarse enga\u00f1ar por vivales que lucran con su situaci\u00f3n, adem\u00e1s de asegurar que las autoridades est\u00e1n atentas para combatir cualquier acci\u00f3n que ponga en riesgo su integridad.<\/p>\n<p>&nbsp;<\/p>\n<p>Por su parte, la madre Olga S\u00e1nchez Mart\u00ednez agradeci\u00f3 la visita del gobernador y resalt\u00f3 que su presencia y apoyo motiva a seguir dando una mano amiga a las personas migrantes, como lo ha hecho desde hace m\u00e1s de 30 a\u00f1os.<\/p>\n<p>&nbsp;<\/p>\n<p>El magistrado presidente del Tribunal Superior de Justicia del Estado, Juan Carlos Moreno Guill\u00e9n, destac\u00f3 el trabajo de Olga S\u00e1nchez, ganadora del Premio Nacional de Derechos Humanos, como un apostolado invaluable en Chiapas, al mantener su labor de cuidar a quienes menos tienen, como son las personas en situaci\u00f3n de movilidad.<\/p>\n<p>&nbsp;<\/p>\n<p>A su vez, la directora general del Sistema DIF estatal, Ana Isabel Granda Gonz\u00e1lez, y el presidente municipal de Tapachula, Yamil Melgar Bravo, externaron su compromiso de acompa\u00f1ar y coadyuvar en la atenci\u00f3n de las necesidades de este albergue.<\/p>\n<p>&nbsp;<\/p>\n<p>Estuvieron presentes: las secretarias de Gobierno y Mediaci\u00f3n, Patricia del Carmen Conde Ruiz; y de la Mujer e Igualdad de G\u00e9nero, Dulce Mar\u00eda Rodr\u00edguez Ovando; los secretarios de Salud, Omar G\u00f3mez Cruz; de Educaci\u00f3n, Roger Adri\u00e1n Mandujano Ayala; de Agricultura, Ganader\u00eda y Pesca, Marco Antonio Barba Arrocha; y de Econom\u00eda y del Trabajo, Luis Pedrero Gonz\u00e1lez; as\u00ed como el diputado local Freddy Escobar S\u00e1nchez y el administrador del Albergue \u201cJes\u00fas el Buen Pastor del Pobre y el Migrante\u201d, Herber Israel Berm\u00fadez, entre otros.<\/p>\n","protected":false},"excerpt":{"rendered":"<p>&nbsp; Al atestiguar la Jornada de Atenci\u00f3n Humanitaria a la Poblaci\u00f3n en Condiciones de Tr\u00e1nsito&#8230;<\/p>\n","protected":false},"author":2,"featured_media":30014,"comment_status":"closed","ping_status":"closed","sticky":false,"template":"","format":"standard","meta":{"_joinchat":[],"footnotes":""},"categories":[18,1,2,3],"tags":[],"class_list":["post-30013","post","type-post","status-publish","format-standard","has-post-thumbnail","hentry","category-almomento","category-boletin","category-estado","category-health"],"_links":{"self":[{"href":"https:\/\/icoinformativo.mx\/home\/index.php?rest_route=\/wp\/v2\/posts\/30013","targetHints":{"allow":["GET"]}}],"collection":[{"href":"https:\/\/icoinformativo.mx\/home\/index.php?rest_route=\/wp\/v2\/posts"}],"about":[{"href":"https:\/\/icoinformativo.mx\/home\/index.php?rest_route=\/wp\/v2\/types\/post"}],"author":[{"embeddable":true,"href":"https:\/\/icoinformativo.mx\/home\/index.php?rest_route=\/wp\/v2\/users\/2"}],"replies":[{"embeddable":true,"href":"https:\/\/icoinformativo.mx\/home\/index.php?rest_route=%2Fwp%2Fv2%2Fcomments&post=30013"}],"version-history":[{"count":1,"href":"https:\/\/icoinformativo.mx\/home\/index.php?rest_route=\/wp\/v2\/posts\/30013\/revisions"}],"predecessor-version":[{"id":30015,"href":"https:\/\/icoinformativo.mx\/home\/index.php?rest_route=\/wp\/v2\/posts\/30013\/revisions\/30015"}],"wp:featuredmedia":[{"embeddable":true,"href":"https:\/\/icoinformativo.mx\/home\/index.php?rest_route=\/wp\/v2\/media\/30014"}],"wp:attachment":[{"href":"https:\/\/icoinformativo.mx\/home\/index.php?rest_route=%2Fwp%2Fv2%2Fmedia&parent=30013"}],"wp:term":[{"taxonomy":"category","embeddable":true,"href":"https:\/\/icoinformativo.mx\/home\/index.php?rest_route=%2Fwp%2Fv2%2Fcategories&post=30013"},{"taxonomy":"post_tag","embeddable":true,"href":"https:\/\/icoinformativo.mx\/home\/index.php?rest_route=%2Fwp%2Fv2%2Ftags&post=30013"}],"curies":[{"name":"wp","href":"https:\/\/api.w.org\/{rel}","templated":true}]}}