{"id":30010,"date":"2025-01-20T03:51:41","date_gmt":"2025-01-20T03:51:41","guid":{"rendered":"https:\/\/icoinformativo.mx\/home\/?p=30010"},"modified":"2025-01-20T03:51:41","modified_gmt":"2025-01-20T03:51:41","slug":"sostiene-oscar-serra-cantoral-reunion-de-trabajo-para-impulsar-la-educacion-de-jovenes-y-adultos","status":"publish","type":"post","link":"https:\/\/icoinformativo.mx\/home\/?p=30010","title":{"rendered":"SOSTIENE OSCAR SERRA CANTORAL REUNI\u00d3N DE TRABAJO PARA IMPULSAR LA EDUCACI\u00d3N DE J\u00d3VENES Y ADULTOS"},"content":{"rendered":"<p>&nbsp;<\/p>\n<p>Con el objetivo de fortalecer los programas educativos en beneficio de j\u00f3venes y adultos del municipio, el presidente municipal Oscar Serra Cantoral sostuvo una reuni\u00f3n de trabajo con Jos\u00e9 Mar\u00eda D\u00e1vila Torres, Coordinador Regional del Instituto Chiapaneco de Educaci\u00f3n para J\u00f3venes y Adultos (ICHEJA). Durante este encuentro, el presidente municipal estuvo acompa\u00f1ado por su esposa, la presidenta del DIF Municipal, Sonia Calc\u00e1neo de Serra, reafirmando el compromiso de su administraci\u00f3n con el desarrollo educativo y social de la poblaci\u00f3n.<\/p>\n<p>&nbsp;<\/p>\n<p>En el marco de la reuni\u00f3n, se abordaron estrategias para ampliar la cobertura de los servicios educativos que ofrece el ICHEJA y garantizar que m\u00e1s j\u00f3venes y adultos en situaci\u00f3n de rezago educativo puedan acceder a oportunidades de aprendizaje.<\/p>\n<p>&nbsp;<\/p>\n<p>Al respecto, el presidente municipal Oscar Serra Cantoral destac\u00f3: \u201cLa educaci\u00f3n es la base para transformar nuestro municipio. Trabajar en conjunto con instituciones como el ICHEJA nos permite llegar a quienes m\u00e1s lo necesitan, ofreciendo herramientas para que mejoren su calidad de vida. Reitero nuestro compromiso de seguir impulsando iniciativas que construyan un mejor futuro para todos.\u201d<\/p>\n<p>&nbsp;<\/p>\n<p>Por su parte, la presidenta del DIF Municipal, Sonia Calc\u00e1neo de Serra, subray\u00f3 la importancia de fomentar una educaci\u00f3n inclusiva que atienda las necesidades de los sectores m\u00e1s vulnerables, enfatizando que el desarrollo educativo es una prioridad para el bienestar de las familias.<\/p>\n<p>&nbsp;<\/p>\n<p>Esta reuni\u00f3n consolida los lazos de colaboraci\u00f3n entre el Gobierno Municipal y el ICHEJA, estableciendo acciones concretas para combatir el rezago educativo y garantizar que m\u00e1s ciudadanos tengan acceso a una educaci\u00f3n de calidad.<\/p>\n<p>&nbsp;<\/p>\n<p>#HumanismoQueTransforma<\/p>\n<p>#SigamosHaciendoloJuntos<\/p>\n","protected":false},"excerpt":{"rendered":"<p>&nbsp; Con el objetivo de fortalecer los programas educativos en beneficio de j\u00f3venes y adultos&#8230;<\/p>\n","protected":false},"author":2,"featured_media":30011,"comment_status":"closed","ping_status":"closed","sticky":false,"template":"","format":"standard","meta":{"_joinchat":[],"footnotes":""},"categories":[18,1,2,3],"tags":[],"class_list":["post-30010","post","type-post","status-publish","format-standard","has-post-thumbnail","hentry","category-almomento","category-boletin","category-estado","category-health"],"_links":{"self":[{"href":"https:\/\/icoinformativo.mx\/home\/index.php?rest_route=\/wp\/v2\/posts\/30010","targetHints":{"allow":["GET"]}}],"collection":[{"href":"https:\/\/icoinformativo.mx\/home\/index.php?rest_route=\/wp\/v2\/posts"}],"about":[{"href":"https:\/\/icoinformativo.mx\/home\/index.php?rest_route=\/wp\/v2\/types\/post"}],"author":[{"embeddable":true,"href":"https:\/\/icoinformativo.mx\/home\/index.php?rest_route=\/wp\/v2\/users\/2"}],"replies":[{"embeddable":true,"href":"https:\/\/icoinformativo.mx\/home\/index.php?rest_route=%2Fwp%2Fv2%2Fcomments&post=30010"}],"version-history":[{"count":1,"href":"https:\/\/icoinformativo.mx\/home\/index.php?rest_route=\/wp\/v2\/posts\/30010\/revisions"}],"predecessor-version":[{"id":30012,"href":"https:\/\/icoinformativo.mx\/home\/index.php?rest_route=\/wp\/v2\/posts\/30010\/revisions\/30012"}],"wp:featuredmedia":[{"embeddable":true,"href":"https:\/\/icoinformativo.mx\/home\/index.php?rest_route=\/wp\/v2\/media\/30011"}],"wp:attachment":[{"href":"https:\/\/icoinformativo.mx\/home\/index.php?rest_route=%2Fwp%2Fv2%2Fmedia&parent=30010"}],"wp:term":[{"taxonomy":"category","embeddable":true,"href":"https:\/\/icoinformativo.mx\/home\/index.php?rest_route=%2Fwp%2Fv2%2Fcategories&post=30010"},{"taxonomy":"post_tag","embeddable":true,"href":"https:\/\/icoinformativo.mx\/home\/index.php?rest_route=%2Fwp%2Fv2%2Ftags&post=30010"}],"curies":[{"name":"wp","href":"https:\/\/api.w.org\/{rel}","templated":true}]}}