{"id":30007,"date":"2025-01-20T03:43:31","date_gmt":"2025-01-20T03:43:31","guid":{"rendered":"https:\/\/icoinformativo.mx\/home\/?p=30007"},"modified":"2025-01-20T03:43:31","modified_gmt":"2025-01-20T03:43:31","slug":"junto-con-vecinas-y-vecinos-embellecimos-el-parque-de-san-isidro-buena-vistaangel-torres","status":"publish","type":"post","link":"https:\/\/icoinformativo.mx\/home\/?p=30007","title":{"rendered":"*Junto con vecinas y vecinos embellecimos el parque de San Isidro Buena Vista:Angel Torres*"},"content":{"rendered":"<p>&nbsp;<\/p>\n<p>\u2022 Limpieza general, poda de \u00e1rboles, pintura, instalaci\u00f3n de juegos infantiles, entre otras acciones<\/p>\n<p>&nbsp;<\/p>\n<p>Como parte del programa \u00abEmbellece tu parque\u00bb, el presidente municipal de Tuxtla Guti\u00e9rrez, Angel Torres, encabez\u00f3 limpieza general, instalaci\u00f3n de juegos infantiles, pintura y poda \u00e1rboles, entre otras acciones, en beneficio de las familias de San Isidro Buena Vista y colonias aleda\u00f1as, al poniente de la capital chiapaneca.<\/p>\n<p>&nbsp;<\/p>\n<p>Acompa\u00f1ado de vecinas y vecinos, el presidente municipal destac\u00f3 la importancia de tener espacios p\u00fablicos dignos para que ni\u00f1as, ni\u00f1os, j\u00f3venes y familias, puedan fortalecer el tejido social y la convivencia familiar, con lo que se est\u00e1 cumpliendo uno de los objetivos del Plan Tuxtla 4T y se construye una Nueva ERA en la capital.<\/p>\n<p>&nbsp;<\/p>\n<p>Con estas acciones suman m\u00e1s de 75 parques rehabilitados a lo largo y ancho de la ciudad, siendo prioridad las familias de las colonias que menos tienen. \u00abCon la ayuda de vecinas y vecinos estamos logrando un mejor Tuxtla\u00bb, enfatiz\u00f3.<\/p>\n","protected":false},"excerpt":{"rendered":"<p>&nbsp; \u2022 Limpieza general, poda de \u00e1rboles, pintura, instalaci\u00f3n de juegos infantiles, entre otras acciones&#8230;<\/p>\n","protected":false},"author":2,"featured_media":30008,"comment_status":"closed","ping_status":"closed","sticky":false,"template":"","format":"standard","meta":{"_joinchat":[],"footnotes":""},"categories":[18,1,2,3],"tags":[],"class_list":["post-30007","post","type-post","status-publish","format-standard","has-post-thumbnail","hentry","category-almomento","category-boletin","category-estado","category-health"],"_links":{"self":[{"href":"https:\/\/icoinformativo.mx\/home\/index.php?rest_route=\/wp\/v2\/posts\/30007","targetHints":{"allow":["GET"]}}],"collection":[{"href":"https:\/\/icoinformativo.mx\/home\/index.php?rest_route=\/wp\/v2\/posts"}],"about":[{"href":"https:\/\/icoinformativo.mx\/home\/index.php?rest_route=\/wp\/v2\/types\/post"}],"author":[{"embeddable":true,"href":"https:\/\/icoinformativo.mx\/home\/index.php?rest_route=\/wp\/v2\/users\/2"}],"replies":[{"embeddable":true,"href":"https:\/\/icoinformativo.mx\/home\/index.php?rest_route=%2Fwp%2Fv2%2Fcomments&post=30007"}],"version-history":[{"count":1,"href":"https:\/\/icoinformativo.mx\/home\/index.php?rest_route=\/wp\/v2\/posts\/30007\/revisions"}],"predecessor-version":[{"id":30009,"href":"https:\/\/icoinformativo.mx\/home\/index.php?rest_route=\/wp\/v2\/posts\/30007\/revisions\/30009"}],"wp:featuredmedia":[{"embeddable":true,"href":"https:\/\/icoinformativo.mx\/home\/index.php?rest_route=\/wp\/v2\/media\/30008"}],"wp:attachment":[{"href":"https:\/\/icoinformativo.mx\/home\/index.php?rest_route=%2Fwp%2Fv2%2Fmedia&parent=30007"}],"wp:term":[{"taxonomy":"category","embeddable":true,"href":"https:\/\/icoinformativo.mx\/home\/index.php?rest_route=%2Fwp%2Fv2%2Fcategories&post=30007"},{"taxonomy":"post_tag","embeddable":true,"href":"https:\/\/icoinformativo.mx\/home\/index.php?rest_route=%2Fwp%2Fv2%2Ftags&post=30007"}],"curies":[{"name":"wp","href":"https:\/\/api.w.org\/{rel}","templated":true}]}}