{"id":30001,"date":"2025-01-20T03:38:15","date_gmt":"2025-01-20T03:38:15","guid":{"rendered":"https:\/\/icoinformativo.mx\/home\/?p=30001"},"modified":"2025-01-20T03:38:15","modified_gmt":"2025-01-20T03:38:15","slug":"icheja-continua-sumando-aliados-al-programa-de-alfabetizacion-chiapas-puede","status":"publish","type":"post","link":"https:\/\/icoinformativo.mx\/home\/?p=30001","title":{"rendered":"Icheja contin\u00faa sumando aliados al Programa de Alfabetizaci\u00f3n \u201cChiapas Puede\u201d\u00a0"},"content":{"rendered":"<p>&nbsp;<\/p>\n<p>Tuxtla Guti\u00e9rrez, Chiapas. &#8211; El Instituto Chiapaneco de Educaci\u00f3n para J\u00f3venes y Adultos (Icheja) y la empresa Servicios Industriales e Institucionales S.A. de C.V., firmaron un convenio de colaboraci\u00f3n con el objetivo de sumar esfuerzos y fortalecer el Programa de Alfabetizaci\u00f3n \u201cChiapas Puede\u201d.<\/p>\n<p>&nbsp;<\/p>\n<p>Este acuerdo busca crear sinergias con colaboradores estrat\u00e9gicos para continuar con la capacitaci\u00f3n y alfabetizaci\u00f3n de j\u00f3venes y adultos en el estado de Chiapas.<\/p>\n<p>&nbsp;<\/p>\n<p>Luego de la formalizaci\u00f3n de dicho convenio, se destac\u00f3 la importancia de continuar con las iniciativas que permitan que m\u00e1s personas en el estado puedan acceder a una educaci\u00f3n de calidad.<\/p>\n<p>&nbsp;<\/p>\n<p>En este sentido, Jos\u00e9 Ignacio Olgu\u00edn Ruiz, apoderado legal de Servicios Industriales e Institucionales S.A. de C.V., expres\u00f3 que el compromiso educativo con el estado es firme, para que a trav\u00e9s de esta alianza con el Icheja se ofrezca un futuro para los j\u00f3venes y adultos; reconoci\u00f3 tambi\u00e9n el trabajo que realizan las autoridades del estado por la implementaci\u00f3n de este programa de alfabetizaci\u00f3n en Chiapas del que se esperan buenos resultados.<\/p>\n<p>&nbsp;<\/p>\n<p>Por su parte, el titular del Icheja, Sergio David Molina G\u00f3mez, manifest\u00f3 su agradecimiento y destac\u00f3 que el trabajo en equipo ser\u00e1 la base para la erradicaci\u00f3n del analfabetismo en todo Chiapas, porque se tiene la voluntad inquebrantable para que este proyecto sea una realidad con el apoyo no s\u00f3lo de las autoridades, sino tambi\u00e9n de la sociedad civil.<\/p>\n<p>&nbsp;<\/p>\n<p>Invit\u00f3 a la poblaci\u00f3n que no sabe leer ni escribir que se acerque al m\u00f3dulo m\u00e1s cercano del programa; a su vez, mencion\u00f3 que se brindar\u00e1n incentivos como becas para motivar a las y los educandos que a\u00fan no han iniciado su alfabetizaci\u00f3n, a integrarse a esta cruzada por la educaci\u00f3n en la entidad.<\/p>\n<p>&nbsp;<\/p>\n<p>Por lo anterior, reafirm\u00f3 el gran compromiso que existe con los pueblos originarios, a quienes se ha priorizado para que puedan aprender a leer y escribir, primero en sus lenguas maternas y posteriormente en espa\u00f1ol, respetando su contexto y entorno sociocultural.<\/p>\n<p>&nbsp;<\/p>\n<p>Finalmente, indic\u00f3 que con el Programa \u201cChiapas Puede\u201d se busca ese impacto significativo en la vida de miles de j\u00f3venes y adultos que ahora tienen la oportunidad de mejorar sus condiciones de vida a trav\u00e9s de la educaci\u00f3n, por lo que insisti\u00f3 en que requieren m\u00e1s colaboradores que se puedan sumar a la causa, lo que permitir\u00e1 expandir el alcance y la cobertura del programa.<\/p>\n<p>&nbsp;<\/p>\n<p>Cabe destacar que, el Icheja como promotor de la educaci\u00f3n de calidad para j\u00f3venes y adultos de todo el estado, y Servicios Industriales e Institucionales S.A. de C.V., una empresa comprometida tambi\u00e9n con el bienestar y el progreso, garantizaron fortalecer las acciones para contribuir a la mejora de las condiciones de vida de las y los ciudadanos a trav\u00e9s de la erradicaci\u00f3n del analfabetismo.<\/p>\n","protected":false},"excerpt":{"rendered":"<p>&nbsp; Tuxtla Guti\u00e9rrez, Chiapas. &#8211; El Instituto Chiapaneco de Educaci\u00f3n para J\u00f3venes y Adultos (Icheja)&#8230;<\/p>\n","protected":false},"author":2,"featured_media":30002,"comment_status":"closed","ping_status":"closed","sticky":false,"template":"","format":"standard","meta":{"_joinchat":[],"footnotes":""},"categories":[18,1,2,3],"tags":[],"class_list":["post-30001","post","type-post","status-publish","format-standard","has-post-thumbnail","hentry","category-almomento","category-boletin","category-estado","category-health"],"_links":{"self":[{"href":"https:\/\/icoinformativo.mx\/home\/index.php?rest_route=\/wp\/v2\/posts\/30001","targetHints":{"allow":["GET"]}}],"collection":[{"href":"https:\/\/icoinformativo.mx\/home\/index.php?rest_route=\/wp\/v2\/posts"}],"about":[{"href":"https:\/\/icoinformativo.mx\/home\/index.php?rest_route=\/wp\/v2\/types\/post"}],"author":[{"embeddable":true,"href":"https:\/\/icoinformativo.mx\/home\/index.php?rest_route=\/wp\/v2\/users\/2"}],"replies":[{"embeddable":true,"href":"https:\/\/icoinformativo.mx\/home\/index.php?rest_route=%2Fwp%2Fv2%2Fcomments&post=30001"}],"version-history":[{"count":1,"href":"https:\/\/icoinformativo.mx\/home\/index.php?rest_route=\/wp\/v2\/posts\/30001\/revisions"}],"predecessor-version":[{"id":30003,"href":"https:\/\/icoinformativo.mx\/home\/index.php?rest_route=\/wp\/v2\/posts\/30001\/revisions\/30003"}],"wp:featuredmedia":[{"embeddable":true,"href":"https:\/\/icoinformativo.mx\/home\/index.php?rest_route=\/wp\/v2\/media\/30002"}],"wp:attachment":[{"href":"https:\/\/icoinformativo.mx\/home\/index.php?rest_route=%2Fwp%2Fv2%2Fmedia&parent=30001"}],"wp:term":[{"taxonomy":"category","embeddable":true,"href":"https:\/\/icoinformativo.mx\/home\/index.php?rest_route=%2Fwp%2Fv2%2Fcategories&post=30001"},{"taxonomy":"post_tag","embeddable":true,"href":"https:\/\/icoinformativo.mx\/home\/index.php?rest_route=%2Fwp%2Fv2%2Ftags&post=30001"}],"curies":[{"name":"wp","href":"https:\/\/api.w.org\/{rel}","templated":true}]}}