{"id":29998,"date":"2025-01-20T03:35:49","date_gmt":"2025-01-20T03:35:49","guid":{"rendered":"https:\/\/icoinformativo.mx\/home\/?p=29998"},"modified":"2025-01-20T03:35:49","modified_gmt":"2025-01-20T03:35:49","slug":"instalan-primer-centro-de-investigacion-en-el-cecytech","status":"publish","type":"post","link":"https:\/\/icoinformativo.mx\/home\/?p=29998","title":{"rendered":"Instalan primer Centro de Investigaci\u00f3n en el Cecytech"},"content":{"rendered":"<p>&nbsp;<\/p>\n<p>\u00b7 Docentes de la zona Altos Tsotsil-Tseltal se integran en un espacio \u00fanico para la capacitaci\u00f3n, impulsando proyectos de investigaci\u00f3n e innovaci\u00f3n<\/p>\n<p>&nbsp;<\/p>\n<p>San Crist\u00f3bal de Las Casas, Chiapas. &#8211; El Colegio de Estudios Cient\u00edficos y Tecnol\u00f3gicos del Estado de Chiapas (Cecytech), inaugur\u00f3 el Centro de Investigaci\u00f3n Cient\u00edfica, Tecnol\u00f3gica e Innovaci\u00f3n en la regi\u00f3n Altos Tsotsil-Tseltal, con el objetivo principal de fortalecer la formaci\u00f3n docente en nivel de posgrado, as\u00ed como capacitar y actualizar en \u00e1reas clave de la educaci\u00f3n.<\/p>\n<p>&nbsp;<\/p>\n<p>Al respecto, el director de Investigaci\u00f3n y Desarrollo Tecnol\u00f3gico del Colegio, C\u00e9sar Octavio Llaven Gallegos, destac\u00f3 que este centro ser\u00e1 un pilar estrat\u00e9gico para la innovaci\u00f3n acad\u00e9mica, al tiempo de manifestar que el proyecto est\u00e1 dise\u00f1ado para atender las necesidades educativas de una regi\u00f3n con gran diversidad cultural y ling\u00fc\u00edstica, fomentando el desarrollo de proyectos con impacto social y cient\u00edfico.<\/p>\n<p>&nbsp;<\/p>\n<p>Llaven Gallegos indic\u00f3 que la Direcci\u00f3n General del Cecytech, a cargo de Luis Guadalupe Morales \u00c1ngeles, prev\u00e9 la instalaci\u00f3n de m\u00e1s centros de investigaci\u00f3n en otros planteles y adem\u00e1s buscar\u00e1n integrar a los maestros en el Sistema Nacional y Estatal de Investigaci\u00f3n, como una iniciativa que abrir\u00e1 las puertas a una participaci\u00f3n m\u00e1s activa en proyectos cient\u00edficos.<\/p>\n<p>&nbsp;<\/p>\n<p>A su vez, el coordinador de la zona Altos Tsotsil-Tseltal, Ricardo Ricardez Mart\u00ednez, reconoci\u00f3 el compromiso de la plantilla docente con la educaci\u00f3n destacando que este esfuerzo contribuir\u00e1 a formar j\u00f3venes con un enfoque cient\u00edfico, capaces de desarrollar proyectos que beneficien a la comunidad.<\/p>\n<p>&nbsp;<\/p>\n<p>Con esta iniciativa el Colegio se posiciona como una herramienta clave para fortalecer la educaci\u00f3n en Chiapas, promoviendo el desarrollo acad\u00e9mico y social de una de las regiones m\u00e1s emblem\u00e1ticas del estado.<\/p>\n","protected":false},"excerpt":{"rendered":"<p>&nbsp; \u00b7 Docentes de la zona Altos Tsotsil-Tseltal se integran en un espacio \u00fanico para&#8230;<\/p>\n","protected":false},"author":2,"featured_media":29999,"comment_status":"closed","ping_status":"closed","sticky":false,"template":"","format":"standard","meta":{"_joinchat":[],"footnotes":""},"categories":[18,1,2,3],"tags":[],"class_list":["post-29998","post","type-post","status-publish","format-standard","has-post-thumbnail","hentry","category-almomento","category-boletin","category-estado","category-health"],"_links":{"self":[{"href":"https:\/\/icoinformativo.mx\/home\/index.php?rest_route=\/wp\/v2\/posts\/29998","targetHints":{"allow":["GET"]}}],"collection":[{"href":"https:\/\/icoinformativo.mx\/home\/index.php?rest_route=\/wp\/v2\/posts"}],"about":[{"href":"https:\/\/icoinformativo.mx\/home\/index.php?rest_route=\/wp\/v2\/types\/post"}],"author":[{"embeddable":true,"href":"https:\/\/icoinformativo.mx\/home\/index.php?rest_route=\/wp\/v2\/users\/2"}],"replies":[{"embeddable":true,"href":"https:\/\/icoinformativo.mx\/home\/index.php?rest_route=%2Fwp%2Fv2%2Fcomments&post=29998"}],"version-history":[{"count":1,"href":"https:\/\/icoinformativo.mx\/home\/index.php?rest_route=\/wp\/v2\/posts\/29998\/revisions"}],"predecessor-version":[{"id":30000,"href":"https:\/\/icoinformativo.mx\/home\/index.php?rest_route=\/wp\/v2\/posts\/29998\/revisions\/30000"}],"wp:featuredmedia":[{"embeddable":true,"href":"https:\/\/icoinformativo.mx\/home\/index.php?rest_route=\/wp\/v2\/media\/29999"}],"wp:attachment":[{"href":"https:\/\/icoinformativo.mx\/home\/index.php?rest_route=%2Fwp%2Fv2%2Fmedia&parent=29998"}],"wp:term":[{"taxonomy":"category","embeddable":true,"href":"https:\/\/icoinformativo.mx\/home\/index.php?rest_route=%2Fwp%2Fv2%2Fcategories&post=29998"},{"taxonomy":"post_tag","embeddable":true,"href":"https:\/\/icoinformativo.mx\/home\/index.php?rest_route=%2Fwp%2Fv2%2Ftags&post=29998"}],"curies":[{"name":"wp","href":"https:\/\/api.w.org\/{rel}","templated":true}]}}