{"id":29995,"date":"2025-01-20T03:33:05","date_gmt":"2025-01-20T03:33:05","guid":{"rendered":"https:\/\/icoinformativo.mx\/home\/?p=29995"},"modified":"2025-01-20T03:33:05","modified_gmt":"2025-01-20T03:33:05","slug":"asiste-eduardo-ramirez-a-inicio-de-la-rehabilitacion-del-centro-de-desarrollo-integral-para-la-atencion-inmediata-de-berriozabal","status":"publish","type":"post","link":"https:\/\/icoinformativo.mx\/home\/?p=29995","title":{"rendered":"Asiste Eduardo Ram\u00edrez a inicio de la rehabilitaci\u00f3n del Centro de Desarrollo Integral para la Atenci\u00f3n Inmediata de Berrioz\u00e1bal"},"content":{"rendered":"<p>&nbsp;<\/p>\n<p>Durante el inicio de la rehabilitaci\u00f3n del Centro de Desarrollo Integral para la Atenci\u00f3n Inmediata en el municipio de Berrioz\u00e1bal, el gobernador Eduardo Ram\u00edrez Aguilar destac\u00f3 los avances en la restauraci\u00f3n de la paz en Chiapas, reiterando su compromiso de continuar trabajando en conjunto con la poblaci\u00f3n y las autoridades para blindar a las comunidades contra la violencia.<\/p>\n<p>&nbsp;<\/p>\n<p>El mandatario celebr\u00f3 que en su reciente gira por la regi\u00f3n Sierra se constatara el regreso de la tranquilidad a pueblos que antes estaban bajo control del crimen organizado, sobre todo despu\u00e9s de ver el sufrimiento de la poblaci\u00f3n ante ese episodio desgarrador.<\/p>\n<p>&nbsp;<\/p>\n<p>\u201cTengo una pasi\u00f3n por Chiapas y por eso me compromet\u00ed a restaurar la paz. Hoy puedo decirles que esta tarea avanza. Les pido a las y los habitantes de Berrioz\u00e1bal que cuiden sus comunidades; no es cierto que hay delincuentes buenos y malos, solo las autoridades pueden garantizar la seguridad, y yo, como gobernador, no permitir\u00e9 que nadie se meta con el pueblo\u201d, afirm\u00f3.<\/p>\n<p>&nbsp;<\/p>\n<p>Respecto al Centro de Desarrollo Integral para la Atenci\u00f3n Inmediata, que atiende a sectores vulnerables como personas adultas mayores y ni\u00f1os, Ram\u00edrez Aguilar resalt\u00f3 la importancia social de esta obra y asegur\u00f3 que su administraci\u00f3n proporcionar\u00e1 el equipamiento necesario para garantizar servicios de calidad y fortalecer la asistencia social en beneficio de las familias de Berrioz\u00e1bal.<\/p>\n<p>&nbsp;<\/p>\n<p>En su participaci\u00f3n, la secretaria de Infraestructura, Anakaren G\u00f3mez Zuart, invit\u00f3 a la poblaci\u00f3n a cuidar y aprovechar esta obra que responde a una demanda a\u00f1eja. Adem\u00e1s, exhort\u00f3 a las y los alcaldes a hacer sinergia con el gobierno estatal para que la planeaci\u00f3n de la infraestructura del estado sea ordenada y no de ocurrencias.<\/p>\n<p>&nbsp;<\/p>\n<p>Por su parte, la diputada presidenta de la Comisi\u00f3n de Desarrollo Urbano y Obras P\u00fablicas del Congreso del Estado, Alejandra G\u00f3mez Mendoza, destac\u00f3 los esfuerzos que se realizan al impulsar obras en beneficio del pueblo, al tiempo de precisar la importancia de que todas y todos caminen juntos para que este proceso de transformaci\u00f3n sea una realidad.<\/p>\n<p>&nbsp;<\/p>\n<p>La presidenta del DIF Municipal, Mar\u00eda de Jes\u00fas Penagos N\u00fa\u00f1ez, extern\u00f3 su gratitud al mandatario estatal por priorizar esta obra tan necesaria para la atenci\u00f3n de grupos en situaci\u00f3n de vulnerabilidad de Berrioz\u00e1bal.<\/p>\n<p>&nbsp;<\/p>\n<p>A su vez, el alcalde de Berrioz\u00e1bal, Jorge Arturo Acero G\u00f3mez, reconoci\u00f3 que desde que se implement\u00f3 el operativo Fuerza de Reacci\u00f3n Inmediata Pakal (FRIP) se ha aumentado la seguridad en esta regi\u00f3n, lo que ha permitido la llegada de m\u00e1s visitantes y que m\u00e1s emprendedores puedan reabrir sus negocios.<\/p>\n<p>&nbsp;<\/p>\n<p>En otro momento, en el municipio de Villa Comaltitl\u00e1n, Ram\u00edrez Aguilar salud\u00f3 a las y los habitantes y dijo que la cercan\u00eda con la gente es revitalizante y lo impulsa a seguir trabajando por Chiapas.<\/p>\n<p>&nbsp;<\/p>\n<p>En el inicio de la rehabilitaci\u00f3n del Centro de Desarrollo Integral para la Atenci\u00f3n Inmediata en el municipio de Berrioz\u00e1bal, estuvieron presentes: la directora general del Sistema DIF Chiapas, Ana Isabel Granda Gonz\u00e1lez; la diputada federal del Distrito 7, Deliamaria Gonz\u00e1lez Flandez; y la diputada local del Distrito 2, Mar\u00eda Mandiola Totoricaguena, entre otros.<\/p>\n","protected":false},"excerpt":{"rendered":"<p>&nbsp; Durante el inicio de la rehabilitaci\u00f3n del Centro de Desarrollo Integral para la Atenci\u00f3n&#8230;<\/p>\n","protected":false},"author":2,"featured_media":29996,"comment_status":"closed","ping_status":"closed","sticky":false,"template":"","format":"standard","meta":{"_joinchat":[],"footnotes":""},"categories":[18,1,2,3],"tags":[],"class_list":["post-29995","post","type-post","status-publish","format-standard","has-post-thumbnail","hentry","category-almomento","category-boletin","category-estado","category-health"],"_links":{"self":[{"href":"https:\/\/icoinformativo.mx\/home\/index.php?rest_route=\/wp\/v2\/posts\/29995","targetHints":{"allow":["GET"]}}],"collection":[{"href":"https:\/\/icoinformativo.mx\/home\/index.php?rest_route=\/wp\/v2\/posts"}],"about":[{"href":"https:\/\/icoinformativo.mx\/home\/index.php?rest_route=\/wp\/v2\/types\/post"}],"author":[{"embeddable":true,"href":"https:\/\/icoinformativo.mx\/home\/index.php?rest_route=\/wp\/v2\/users\/2"}],"replies":[{"embeddable":true,"href":"https:\/\/icoinformativo.mx\/home\/index.php?rest_route=%2Fwp%2Fv2%2Fcomments&post=29995"}],"version-history":[{"count":1,"href":"https:\/\/icoinformativo.mx\/home\/index.php?rest_route=\/wp\/v2\/posts\/29995\/revisions"}],"predecessor-version":[{"id":29997,"href":"https:\/\/icoinformativo.mx\/home\/index.php?rest_route=\/wp\/v2\/posts\/29995\/revisions\/29997"}],"wp:featuredmedia":[{"embeddable":true,"href":"https:\/\/icoinformativo.mx\/home\/index.php?rest_route=\/wp\/v2\/media\/29996"}],"wp:attachment":[{"href":"https:\/\/icoinformativo.mx\/home\/index.php?rest_route=%2Fwp%2Fv2%2Fmedia&parent=29995"}],"wp:term":[{"taxonomy":"category","embeddable":true,"href":"https:\/\/icoinformativo.mx\/home\/index.php?rest_route=%2Fwp%2Fv2%2Fcategories&post=29995"},{"taxonomy":"post_tag","embeddable":true,"href":"https:\/\/icoinformativo.mx\/home\/index.php?rest_route=%2Fwp%2Fv2%2Ftags&post=29995"}],"curies":[{"name":"wp","href":"https:\/\/api.w.org\/{rel}","templated":true}]}}