{"id":29991,"date":"2025-01-18T03:42:09","date_gmt":"2025-01-18T03:42:09","guid":{"rendered":"https:\/\/icoinformativo.mx\/home\/?p=29991"},"modified":"2025-01-18T03:42:09","modified_gmt":"2025-01-18T03:42:09","slug":"celebra-eduardo-ramirez-dialogo-plural-para-construir-una-prosperidad-compartida","status":"publish","type":"post","link":"https:\/\/icoinformativo.mx\/home\/?p=29991","title":{"rendered":"Celebra Eduardo Ram\u00edrez di\u00e1logo plural para construir una prosperidad compartida"},"content":{"rendered":"<p>&nbsp;<\/p>\n<p>&#8211; El gobernador present\u00f3 el foro \u00abDesarrollo con Bienestar y Humanismo\u00bb del Plan Nacional de Desarrollo, en San Crist\u00f3bal de Las Casas<\/p>\n<p>El gobernador Eduardo Ram\u00edrez Aguilar, junto al subsecretario de Bienestar, Jes\u00fas Salvador Valencia Guzm\u00e1n, present\u00f3 el foro \u00abDesarrollo con Bienestar y Humanismo\u00bb del Plan Nacional de Desarrollo, donde celebr\u00f3 que mediante este acto de di\u00e1logo y pluralidad sean escuchadas todas las expresiones sociales y econ\u00f3micas, en respuesta al llamado de la presidenta Claudia Sheinbaum Pardo de construir una prosperidad compartida que impulse un mejor Chiapas y un mejor M\u00e9xico.<\/p>\n<p>Durante este encuentro, realizado en San Crist\u00f3bal de Las Casas, el mandatario resalt\u00f3 que el modelo del Bienestar implementado en M\u00e9xico desde 2018, se centra en el buen vivir y el buen ser, valores que reflejan el humanismo. Subray\u00f3 que la discusi\u00f3n sobre el Plan Nacional de Desarrollo permite ampliar la perspectiva para incluir a diversos sectores sociales, como la ni\u00f1ez, las juventudes, las personas adultas mayores, aquellas con alguna discapacidad, y quienes buscan independencia econ\u00f3mica desde la iniciativa privada, como comerciantes y trabajadores agr\u00edcolas, garantizando que los beneficios lleguen a todas y todos.<\/p>\n<p>El director general de Desarrollo Regional de la Secretar\u00eda de Bienestar, Jos\u00e9 Antonio Aguilar Castillejos, subray\u00f3 que este foro ser\u00e1 una aut\u00e9ntica democracia en el que todas las voces definir\u00e1n de manera colectiva las prioridades m\u00e1s apremiantes, enriqueciendo el proyecto de naci\u00f3n del segundo piso de la Cuarta Transformaci\u00f3n, bajo un enfoque humanista, con igualdad y justicia social. \u201cUn M\u00e9xico justo es posible cuando la felicidad del pueblo se coloca en el centro de todas las decisiones\u201d, puntualiz\u00f3.<\/p>\n<p>El rector de la Universidad Aut\u00f3noma de Chiapas, Oswaldo Chac\u00f3n Rojas, se\u00f1al\u00f3 que las universidades p\u00fablicas del estado se suman a las pol\u00edticas p\u00fablicas de los gobiernos Federal y Estatal de fomentar una educaci\u00f3n inclusiva. A su vez, la alcaldesa de San Crist\u00f3bal de Las Casas, Fabiola Ricci Diestel, enfatiz\u00f3 su compromiso de traducir estas directrices nacionales en acciones locales concretas que garanticen un impacto positivo en la vida de cada habitante, desde las comunidades rurales hasta los barrios tradicionales.<\/p>\n<p>En ese marco, se dio a conocer que la conformaci\u00f3n del PND se guiar\u00e1 por una metodolog\u00eda incluyente y participativa, basada en cuatro ejes generales: Gobernanza con justicia y participaci\u00f3n ciudadana; Desarrollo con bienestar y humanismo; Econom\u00eda moral y trabajo; y Desarrollo sustentable. Asimismo, bajo tres ejes transversales: Igualdad sustantiva y derechos de las mujeres; Innovaci\u00f3n p\u00fablica para el desarrollo tecnol\u00f3gico nacional; y Derechos de las comunidades ind\u00edgenas y afromexicanas.<\/p>\n<p>Eduardo Ram\u00edrez<\/p>\n","protected":false},"excerpt":{"rendered":"<p>&nbsp; &#8211; El gobernador present\u00f3 el foro \u00abDesarrollo con Bienestar y Humanismo\u00bb del Plan Nacional&#8230;<\/p>\n","protected":false},"author":2,"featured_media":29992,"comment_status":"closed","ping_status":"closed","sticky":false,"template":"","format":"standard","meta":{"_joinchat":[],"footnotes":""},"categories":[18,1,2,3],"tags":[],"class_list":["post-29991","post","type-post","status-publish","format-standard","has-post-thumbnail","hentry","category-almomento","category-boletin","category-estado","category-health"],"_links":{"self":[{"href":"https:\/\/icoinformativo.mx\/home\/index.php?rest_route=\/wp\/v2\/posts\/29991","targetHints":{"allow":["GET"]}}],"collection":[{"href":"https:\/\/icoinformativo.mx\/home\/index.php?rest_route=\/wp\/v2\/posts"}],"about":[{"href":"https:\/\/icoinformativo.mx\/home\/index.php?rest_route=\/wp\/v2\/types\/post"}],"author":[{"embeddable":true,"href":"https:\/\/icoinformativo.mx\/home\/index.php?rest_route=\/wp\/v2\/users\/2"}],"replies":[{"embeddable":true,"href":"https:\/\/icoinformativo.mx\/home\/index.php?rest_route=%2Fwp%2Fv2%2Fcomments&post=29991"}],"version-history":[{"count":1,"href":"https:\/\/icoinformativo.mx\/home\/index.php?rest_route=\/wp\/v2\/posts\/29991\/revisions"}],"predecessor-version":[{"id":29993,"href":"https:\/\/icoinformativo.mx\/home\/index.php?rest_route=\/wp\/v2\/posts\/29991\/revisions\/29993"}],"wp:featuredmedia":[{"embeddable":true,"href":"https:\/\/icoinformativo.mx\/home\/index.php?rest_route=\/wp\/v2\/media\/29992"}],"wp:attachment":[{"href":"https:\/\/icoinformativo.mx\/home\/index.php?rest_route=%2Fwp%2Fv2%2Fmedia&parent=29991"}],"wp:term":[{"taxonomy":"category","embeddable":true,"href":"https:\/\/icoinformativo.mx\/home\/index.php?rest_route=%2Fwp%2Fv2%2Fcategories&post=29991"},{"taxonomy":"post_tag","embeddable":true,"href":"https:\/\/icoinformativo.mx\/home\/index.php?rest_route=%2Fwp%2Fv2%2Ftags&post=29991"}],"curies":[{"name":"wp","href":"https:\/\/api.w.org\/{rel}","templated":true}]}}