{"id":29977,"date":"2025-01-18T03:25:12","date_gmt":"2025-01-18T03:25:12","guid":{"rendered":"https:\/\/icoinformativo.mx\/home\/?p=29977"},"modified":"2025-01-18T03:25:12","modified_gmt":"2025-01-18T03:25:12","slug":"realizan-primera-reunion-del-comite-de-vinculacion-estatal-conalep-chiapas-2025","status":"publish","type":"post","link":"https:\/\/icoinformativo.mx\/home\/?p=29977","title":{"rendered":"Realizan primera reuni\u00f3n del Comit\u00e9 de Vinculaci\u00f3n Estatal Conalep Chiapas 2025"},"content":{"rendered":"<p>&nbsp;<\/p>\n<p>Con el prop\u00f3sito de fortalecer la educaci\u00f3n t\u00e9cnica y la colaboraci\u00f3n entre los sectores acad\u00e9mico, gubernamental y empresarial, se llev\u00f3 a cabo la Primera Reuni\u00f3n del Comit\u00e9 de Vinculaci\u00f3n Estatal Conalep Chiapas 2025.<\/p>\n<p>&nbsp;<\/p>\n<p>Los Comit\u00e9s de Vinculaci\u00f3n del Conalep son \u00f3rganos colegiados integrados por representantes del sector productivo: p\u00fablico, social o privado, establecidos en los Colegios Estatales del Conalep y planteles adscritos a estos, que fungen como \u00f3rganos de apoyo, asesor\u00eda y consulta.<\/p>\n<p>&nbsp;<\/p>\n<p>En representaci\u00f3n del director general del Conalep Chiapas, Leonardo Le\u00f3n, asisti\u00f3 Daniel Roque Figueroa, director de Planeaci\u00f3n y Evaluaci\u00f3n, quien destac\u00f3 la importancia de la reuni\u00f3n afirmando que el trabajo conjunto entre las diferentes empresas estatales, es fundamental para brindar a las y los j\u00f3venes chiapanecos las herramientas necesarias para su \u00e9xito profesional y personal.<\/p>\n<p>&nbsp;<\/p>\n<p>Por otra parte, se aprobaron en votaci\u00f3n los acuerdos establecidos por Jos\u00e9 de Jes\u00fas Zambrano Montoya, director de Capacitaci\u00f3n, Certificaci\u00f3n Laboral, Promoci\u00f3n y Vinculaci\u00f3n, quien fungi\u00f3 como secretario de Actas del Comit\u00e9 de Vinculaci\u00f3n del Conalep Chiapas.<\/p>\n<p>&nbsp;<\/p>\n<p>Asimismo, al hacer uso de la palabra, Guillermo Acero Bustamante, presidente estatal de la C\u00e1mara Nacional de la Industria Restaurantera y de Alimentos Condimentados (Canirac) en calidad de presidente del Comit\u00e9 de Vinculaci\u00f3n Estatal del Conalep Chiapas 2025, atestigu\u00f3 el compromiso de las diferentes c\u00e1maras del estado para desarrollar proyectos conjuntos en beneficio, principalmente, de las y los estudiantes.<\/p>\n<p>&nbsp;<\/p>\n<p>Entre los temas abordados se incluyeron Proyectos Estrat\u00e9gicos de Vinculaci\u00f3n para 2025; Fortalecimiento de las alianzas con empresas locales y nacionales; Actualizaci\u00f3n de planes de estudio acorde a las necesidades del sector productivo; y Estrategias de inclusi\u00f3n y desarrollo sostenible en los programas educativos.<\/p>\n<p>&nbsp;<\/p>\n<p>Este evento marca el inicio de un a\u00f1o de importantes iniciativas que buscan posicionar al Conalep Chiapas como referente en educaci\u00f3n t\u00e9cnica, asegurando una formaci\u00f3n de calidad que impulse y promueva el desarrollo del alumnado de la mano de las empresas locales.<\/p>\n<p>&nbsp;<\/p>\n<p>En la reuni\u00f3n participaron representantes del sector empresarial, presidentes de las c\u00e1maras del estado, acad\u00e9micos, y miembros de la comunidad Conalep.<\/p>\n<p>Estuvieron presentes: Manuel Ni\u00f1o Guti\u00e9rrez, presidente de la Asociaci\u00f3n Mexicana de Hoteles y Moteles y titular de la Comisi\u00f3n Acad\u00e9mica del Comit\u00e9 de Vinculaci\u00f3n Estatal del Conalep Chiapas 2025; Teresa Lorena Dom\u00ednguez Alatorre, presidenta del Centro Patronal<\/p>\n<p>de Chiapas (Coparmex) y titular de la Comisi\u00f3n de Apoyo al Mercado Laboral del Comit\u00e9 de Vinculaci\u00f3n; Jos\u00e9 Francisco Lazos Morales, presidente de la C\u00e1mara Nacional de la Industria de la Transformaci\u00f3n (Canacintra) delegaci\u00f3n Tuxtla y titular de la Comisi\u00f3n para la Obtenci\u00f3n de Recursos y Apoyos del Comit\u00e9 de Vinculaci\u00f3n Estatal.<\/p>\n<p>&nbsp;<\/p>\n<p>Tambi\u00e9n asistieron: Jos\u00e9 Guadalupe Dantori C\u00f3rdova, jefe estatal de Participaci\u00f3n Social del Servicio Nacional de Salud P\u00fablica e integrante de la Comisi\u00f3n Acad\u00e9mica del Comit\u00e9 de Vinculaci\u00f3n; Rafael S\u00e1nchez Zebad\u00faa, vicepresidente de Actividades Espec\u00edficas de la Concanaco Servytur M\u00e9xico e integrante de la Comisi\u00f3n Acad\u00e9mica del Comit\u00e9 de Vinculaci\u00f3n; Rafael Alejandro Tovar Velasco, subdelegado del Instituto de Seguridad y Servicios Sociales de los Trabajadores del Estado de Chiapas (Issste) e integrante de la Comisi\u00f3n de Apoyo al Mercado Laboral del Comit\u00e9 de Vinculaci\u00f3n.<\/p>\n<p>&nbsp;<\/p>\n<p>As\u00ed tambi\u00e9n Rogelio Tamayo Carboney, presidente del Comit\u00e9 Directivo de la C\u00e1mara Mexicana de la Industria de la Construcci\u00f3n de Chiapas (CMIC) e integrante de la Comisi\u00f3n de Apoyo al Mercado Laboral del Comit\u00e9 de Vinculaci\u00f3n; Miguel \u00c1ngel Blas Guti\u00e9rrez, presidente de la C\u00e1mara Nacional de Comercio, Servicios y Turismo de Tuxtla Guti\u00e9rrez (Canaco Servytur Tuxtla) e integrante de la Comisi\u00f3n para la Obtenci\u00f3n de Recursos y Apoyos del Comit\u00e9 de Vinculaci\u00f3n; y Rogelio L\u00f3pez V\u00e1zquez, presidente de Empresarios Chiapanecos de la Innovaci\u00f3n Social A.C., (Echisac) e integrante de la Comisi\u00f3n para la Obtenci\u00f3n de Recursos y Apoyos del Comit\u00e9 de Vinculaci\u00f3n Estatal del Conalep Chiapas 2025.<\/p>\n","protected":false},"excerpt":{"rendered":"<p>&nbsp; Con el prop\u00f3sito de fortalecer la educaci\u00f3n t\u00e9cnica y la colaboraci\u00f3n entre los sectores&#8230;<\/p>\n","protected":false},"author":2,"featured_media":29978,"comment_status":"closed","ping_status":"closed","sticky":false,"template":"","format":"standard","meta":{"_joinchat":[],"footnotes":""},"categories":[18,1,2,3],"tags":[],"class_list":["post-29977","post","type-post","status-publish","format-standard","has-post-thumbnail","hentry","category-almomento","category-boletin","category-estado","category-health"],"_links":{"self":[{"href":"https:\/\/icoinformativo.mx\/home\/index.php?rest_route=\/wp\/v2\/posts\/29977","targetHints":{"allow":["GET"]}}],"collection":[{"href":"https:\/\/icoinformativo.mx\/home\/index.php?rest_route=\/wp\/v2\/posts"}],"about":[{"href":"https:\/\/icoinformativo.mx\/home\/index.php?rest_route=\/wp\/v2\/types\/post"}],"author":[{"embeddable":true,"href":"https:\/\/icoinformativo.mx\/home\/index.php?rest_route=\/wp\/v2\/users\/2"}],"replies":[{"embeddable":true,"href":"https:\/\/icoinformativo.mx\/home\/index.php?rest_route=%2Fwp%2Fv2%2Fcomments&post=29977"}],"version-history":[{"count":1,"href":"https:\/\/icoinformativo.mx\/home\/index.php?rest_route=\/wp\/v2\/posts\/29977\/revisions"}],"predecessor-version":[{"id":29979,"href":"https:\/\/icoinformativo.mx\/home\/index.php?rest_route=\/wp\/v2\/posts\/29977\/revisions\/29979"}],"wp:featuredmedia":[{"embeddable":true,"href":"https:\/\/icoinformativo.mx\/home\/index.php?rest_route=\/wp\/v2\/media\/29978"}],"wp:attachment":[{"href":"https:\/\/icoinformativo.mx\/home\/index.php?rest_route=%2Fwp%2Fv2%2Fmedia&parent=29977"}],"wp:term":[{"taxonomy":"category","embeddable":true,"href":"https:\/\/icoinformativo.mx\/home\/index.php?rest_route=%2Fwp%2Fv2%2Fcategories&post=29977"},{"taxonomy":"post_tag","embeddable":true,"href":"https:\/\/icoinformativo.mx\/home\/index.php?rest_route=%2Fwp%2Fv2%2Ftags&post=29977"}],"curies":[{"name":"wp","href":"https:\/\/api.w.org\/{rel}","templated":true}]}}