{"id":29974,"date":"2025-01-18T03:22:20","date_gmt":"2025-01-18T03:22:20","guid":{"rendered":"https:\/\/icoinformativo.mx\/home\/?p=29974"},"modified":"2025-01-18T03:22:20","modified_gmt":"2025-01-18T03:22:20","slug":"director-del-isstech-se-reune-con-integrantes-de-la-seccion-40","status":"publish","type":"post","link":"https:\/\/icoinformativo.mx\/home\/?p=29974","title":{"rendered":"*Director del ISSTECH se re\u00fane con integrantes de la secci\u00f3n 40*"},"content":{"rendered":"<p>&nbsp;<\/p>\n<p>*Acordaron trabajar de manera conjunta por el bien de la poblaci\u00f3n afiliada<\/p>\n<p>&nbsp;<\/p>\n<p>En un acto de cordialidad, respeto y con el objetivo de cerrar filas por un mismo bien, el Director General del Instituto de Seguridad Social de los Trabajadores del Estado de Chiapas (ISSTECH), Armando Barrios Fierro, se reuni\u00f3 con integrantes de la secci\u00f3n 40 del Sindicato Nacional de Trabajadores de la Educaci\u00f3n (SNTE), encabezados por el secretario general, Oved Balderas Tovilla.<\/p>\n<p>&nbsp;<\/p>\n<p>Durante ese encuentro, Barrios Fierro expres\u00f3 su reconocimiento a los esfuerzos y dedicaci\u00f3n de los trabajadores de la educaci\u00f3n, as\u00ed como el compromiso con la mejora continua de los servicios que el ISSTECH ofrece a su poblaci\u00f3n afiliada.<\/p>\n<p>&nbsp;<\/p>\n<p>Agradeci\u00f3 la oportunidad de dialogar de manera abierta y constructiva con los representantes sindicales y delegacionales de jubilados de la Secci\u00f3n 40, destac\u00f3 adem\u00e1s, la importancia de mantener un trabajo conjunto para en favor de los jubilados.<\/p>\n<p>&nbsp;<\/p>\n<p>&nbsp;<\/p>\n<p>El titular del ISSTECH, refrend\u00f3 que bajo la visi\u00f3n del gobernador del estado, Eduardo Ram\u00edrez Aguilar el bienestar de los trabajadores es prioridad, y que a trav\u00e9s de esfuerzos conjuntos se buscar\u00e1 siempre mejorar la calidad de vida de la poblaci\u00f3n chiapaneca.<\/p>\n<p>&nbsp;<\/p>\n<p>Asimismo, Barrios Fierro resalt\u00f3 la importancia de este tipo de encuentros como espacio para compartir inquietudes, propuestas y soluciones que beneficien a todos los involucrados.<\/p>\n<p>&nbsp;<\/p>\n<p>Por su parte, Oved Balderas Tovilla, secretario general de la Secci\u00f3n 40, agradeci\u00f3 la disposici\u00f3n del Director General para escuchar y atender las demandas del sindicato.<\/p>\n","protected":false},"excerpt":{"rendered":"<p>&nbsp; *Acordaron trabajar de manera conjunta por el bien de la poblaci\u00f3n afiliada &nbsp; En&#8230;<\/p>\n","protected":false},"author":2,"featured_media":29975,"comment_status":"closed","ping_status":"closed","sticky":false,"template":"","format":"standard","meta":{"_joinchat":[],"footnotes":""},"categories":[18,1,2,3],"tags":[],"class_list":["post-29974","post","type-post","status-publish","format-standard","has-post-thumbnail","hentry","category-almomento","category-boletin","category-estado","category-health"],"_links":{"self":[{"href":"https:\/\/icoinformativo.mx\/home\/index.php?rest_route=\/wp\/v2\/posts\/29974","targetHints":{"allow":["GET"]}}],"collection":[{"href":"https:\/\/icoinformativo.mx\/home\/index.php?rest_route=\/wp\/v2\/posts"}],"about":[{"href":"https:\/\/icoinformativo.mx\/home\/index.php?rest_route=\/wp\/v2\/types\/post"}],"author":[{"embeddable":true,"href":"https:\/\/icoinformativo.mx\/home\/index.php?rest_route=\/wp\/v2\/users\/2"}],"replies":[{"embeddable":true,"href":"https:\/\/icoinformativo.mx\/home\/index.php?rest_route=%2Fwp%2Fv2%2Fcomments&post=29974"}],"version-history":[{"count":1,"href":"https:\/\/icoinformativo.mx\/home\/index.php?rest_route=\/wp\/v2\/posts\/29974\/revisions"}],"predecessor-version":[{"id":29976,"href":"https:\/\/icoinformativo.mx\/home\/index.php?rest_route=\/wp\/v2\/posts\/29974\/revisions\/29976"}],"wp:featuredmedia":[{"embeddable":true,"href":"https:\/\/icoinformativo.mx\/home\/index.php?rest_route=\/wp\/v2\/media\/29975"}],"wp:attachment":[{"href":"https:\/\/icoinformativo.mx\/home\/index.php?rest_route=%2Fwp%2Fv2%2Fmedia&parent=29974"}],"wp:term":[{"taxonomy":"category","embeddable":true,"href":"https:\/\/icoinformativo.mx\/home\/index.php?rest_route=%2Fwp%2Fv2%2Fcategories&post=29974"},{"taxonomy":"post_tag","embeddable":true,"href":"https:\/\/icoinformativo.mx\/home\/index.php?rest_route=%2Fwp%2Fv2%2Ftags&post=29974"}],"curies":[{"name":"wp","href":"https:\/\/api.w.org\/{rel}","templated":true}]}}