{"id":29971,"date":"2025-01-18T03:17:16","date_gmt":"2025-01-18T03:17:16","guid":{"rendered":"https:\/\/icoinformativo.mx\/home\/?p=29971"},"modified":"2025-01-18T03:17:16","modified_gmt":"2025-01-18T03:17:16","slug":"promotora-de-vivienda-chiapas-establece-mesa-de-trabajo-con-infonavit-para-el-plan-nacional-de-vivienda","status":"publish","type":"post","link":"https:\/\/icoinformativo.mx\/home\/?p=29971","title":{"rendered":"Promotora de Vivienda Chiapas establece mesa de trabajo con Infonavit para el Plan Nacional de Vivienda"},"content":{"rendered":"<p>&nbsp;<\/p>\n<p>\u2022 Se trabaja de la mano con dependencias federales, para que el Plan Nacional de Vivienda sea una realidad en Chiapas<\/p>\n<p>17 de enero de 2024.- El director general de la Promotora de Vivienda Chiapas (Provich), Fernando Farro Jos\u00e9, recibi\u00f3 a la delegada regional del Instituto del Fondo Nacional de la Vivienda para los Trabajadores (Infonavit) en el estado de Chiapas, Roc\u00edo Ter\u00e1n Cruz, para entablar una reuni\u00f3n de trabajo en las instalaciones de la promotora.<\/p>\n<p>El objetivo de la reuni\u00f3n es consolidar la colaboraci\u00f3n entre dependencias federales y estatales que permita la construcci\u00f3n de 15 mil viviendas dignas para las y los trabajadores en el estado, siguiendo con el Plan Nacional de Vivienda que impulsa la presidenta de la Rep\u00fablica, Claudia Sheinbaum Pardo.<\/p>\n<p>En el marco de esta Nueva Era, la instrucci\u00f3n del gobernador del Estado, Eduardo Ram\u00edrez Aguilar, es brindar toda la atenci\u00f3n necesaria para que el Plan Nacional de Vivienda sea una realidad en Chiapas.<\/p>\n","protected":false},"excerpt":{"rendered":"<p>&nbsp; \u2022 Se trabaja de la mano con dependencias federales, para que el Plan Nacional&#8230;<\/p>\n","protected":false},"author":2,"featured_media":29972,"comment_status":"closed","ping_status":"closed","sticky":false,"template":"","format":"standard","meta":{"_joinchat":[],"footnotes":""},"categories":[18,1,2,3],"tags":[],"class_list":["post-29971","post","type-post","status-publish","format-standard","has-post-thumbnail","hentry","category-almomento","category-boletin","category-estado","category-health"],"_links":{"self":[{"href":"https:\/\/icoinformativo.mx\/home\/index.php?rest_route=\/wp\/v2\/posts\/29971","targetHints":{"allow":["GET"]}}],"collection":[{"href":"https:\/\/icoinformativo.mx\/home\/index.php?rest_route=\/wp\/v2\/posts"}],"about":[{"href":"https:\/\/icoinformativo.mx\/home\/index.php?rest_route=\/wp\/v2\/types\/post"}],"author":[{"embeddable":true,"href":"https:\/\/icoinformativo.mx\/home\/index.php?rest_route=\/wp\/v2\/users\/2"}],"replies":[{"embeddable":true,"href":"https:\/\/icoinformativo.mx\/home\/index.php?rest_route=%2Fwp%2Fv2%2Fcomments&post=29971"}],"version-history":[{"count":1,"href":"https:\/\/icoinformativo.mx\/home\/index.php?rest_route=\/wp\/v2\/posts\/29971\/revisions"}],"predecessor-version":[{"id":29973,"href":"https:\/\/icoinformativo.mx\/home\/index.php?rest_route=\/wp\/v2\/posts\/29971\/revisions\/29973"}],"wp:featuredmedia":[{"embeddable":true,"href":"https:\/\/icoinformativo.mx\/home\/index.php?rest_route=\/wp\/v2\/media\/29972"}],"wp:attachment":[{"href":"https:\/\/icoinformativo.mx\/home\/index.php?rest_route=%2Fwp%2Fv2%2Fmedia&parent=29971"}],"wp:term":[{"taxonomy":"category","embeddable":true,"href":"https:\/\/icoinformativo.mx\/home\/index.php?rest_route=%2Fwp%2Fv2%2Fcategories&post=29971"},{"taxonomy":"post_tag","embeddable":true,"href":"https:\/\/icoinformativo.mx\/home\/index.php?rest_route=%2Fwp%2Fv2%2Ftags&post=29971"}],"curies":[{"name":"wp","href":"https:\/\/api.w.org\/{rel}","templated":true}]}}