{"id":29968,"date":"2025-01-18T03:09:47","date_gmt":"2025-01-18T03:09:47","guid":{"rendered":"https:\/\/icoinformativo.mx\/home\/?p=29968"},"modified":"2025-01-18T03:09:47","modified_gmt":"2025-01-18T03:09:47","slug":"educacion-y-agricultura-el-cecytech-impulsa-produccion-sostenible","status":"publish","type":"post","link":"https:\/\/icoinformativo.mx\/home\/?p=29968","title":{"rendered":"Educaci\u00f3n y agricultura: el Cecytech impulsa producci\u00f3n sostenible"},"content":{"rendered":"<p>&nbsp;<\/p>\n<p>Estudiantes del Colegio de Estudios Cient\u00edficos y Tecnol\u00f3gicos del Estado de Chiapas (Cecytech) Plantel 22, ubicado en la localidad de Ricardo Flores Mag\u00f3n del municipio de Venustiano Carranza, celebraron su primer corte de tomate rojo variedad Pony Expr\u00e9s.<\/p>\n<p>Al respecto, el director del Plantel 22, Te\u00f3filo Esteban \u00c1lvarez, destac\u00f3 la importancia de involucrar a las y los j\u00f3venes en actividades productivas que fomentan el desarrollo econ\u00f3mico local. \u201cNuestro objetivo es adentrar a los alumnos en el c\u00edrculo de los productores locales y promover la agricultura sostenible como una herramienta para el progreso econ\u00f3mico y social\u201d, mencion\u00f3.<\/p>\n<p>Resalt\u00f3 que la producci\u00f3n fue supervisada por los profesores de la academia en suelos y fertilizantes, Nelvan Gonz\u00e1lez Cruz, Mois\u00e9s Vicente de Le\u00f3n y Javier Figueroa L\u00f3pez, quienes acompa\u00f1aron a los estudiantes durante todo el proceso, desde la preparaci\u00f3n del suelo hasta el corte final.<\/p>\n<p>Esteban \u00c1lvarez reconoci\u00f3 la capacidad de los estudiantes para aplicar conocimientos te\u00f3ricos en contextos reales, promoviendo un pensamiento cr\u00edtico y habilidades pr\u00e1cticas. \u201cEl compromiso del director general del Cecytech, Luis Guadalupe Morales \u00c1ngeles, es proporcionar una educaci\u00f3n integral que prepare a los j\u00f3venes para enfrentar los desaf\u00edos del mercado laboral y contribuir al bienestar de sus comunidades\u201d.<\/p>\n<p>El compromiso de los estudiantes y docentes del Plantel 22 es un claro ejemplo de c\u00f3mo la educaci\u00f3n transforma vidas y comunidades, al sembrar un futuro prometedor mediante pr\u00e1cticas agr\u00edcolas sostenibles que contribuyen directamente al desarrollo local.<\/p>\n","protected":false},"excerpt":{"rendered":"<p>&nbsp; Estudiantes del Colegio de Estudios Cient\u00edficos y Tecnol\u00f3gicos del Estado de Chiapas (Cecytech) Plantel&#8230;<\/p>\n","protected":false},"author":2,"featured_media":29969,"comment_status":"closed","ping_status":"closed","sticky":false,"template":"","format":"standard","meta":{"_joinchat":[],"footnotes":""},"categories":[18,1,2,3],"tags":[],"class_list":["post-29968","post","type-post","status-publish","format-standard","has-post-thumbnail","hentry","category-almomento","category-boletin","category-estado","category-health"],"_links":{"self":[{"href":"https:\/\/icoinformativo.mx\/home\/index.php?rest_route=\/wp\/v2\/posts\/29968","targetHints":{"allow":["GET"]}}],"collection":[{"href":"https:\/\/icoinformativo.mx\/home\/index.php?rest_route=\/wp\/v2\/posts"}],"about":[{"href":"https:\/\/icoinformativo.mx\/home\/index.php?rest_route=\/wp\/v2\/types\/post"}],"author":[{"embeddable":true,"href":"https:\/\/icoinformativo.mx\/home\/index.php?rest_route=\/wp\/v2\/users\/2"}],"replies":[{"embeddable":true,"href":"https:\/\/icoinformativo.mx\/home\/index.php?rest_route=%2Fwp%2Fv2%2Fcomments&post=29968"}],"version-history":[{"count":1,"href":"https:\/\/icoinformativo.mx\/home\/index.php?rest_route=\/wp\/v2\/posts\/29968\/revisions"}],"predecessor-version":[{"id":29970,"href":"https:\/\/icoinformativo.mx\/home\/index.php?rest_route=\/wp\/v2\/posts\/29968\/revisions\/29970"}],"wp:featuredmedia":[{"embeddable":true,"href":"https:\/\/icoinformativo.mx\/home\/index.php?rest_route=\/wp\/v2\/media\/29969"}],"wp:attachment":[{"href":"https:\/\/icoinformativo.mx\/home\/index.php?rest_route=%2Fwp%2Fv2%2Fmedia&parent=29968"}],"wp:term":[{"taxonomy":"category","embeddable":true,"href":"https:\/\/icoinformativo.mx\/home\/index.php?rest_route=%2Fwp%2Fv2%2Fcategories&post=29968"},{"taxonomy":"post_tag","embeddable":true,"href":"https:\/\/icoinformativo.mx\/home\/index.php?rest_route=%2Fwp%2Fv2%2Ftags&post=29968"}],"curies":[{"name":"wp","href":"https:\/\/api.w.org\/{rel}","templated":true}]}}