{"id":29956,"date":"2025-01-17T04:05:17","date_gmt":"2025-01-17T04:05:17","guid":{"rendered":"https:\/\/icoinformativo.mx\/home\/?p=29956"},"modified":"2025-01-17T04:05:17","modified_gmt":"2025-01-17T04:05:17","slug":"eduardo-ramirez-asiste-al-encuentro-nacional-municipal-encabezado-por-la-presidenta-claudia-sheinbaum","status":"publish","type":"post","link":"https:\/\/icoinformativo.mx\/home\/?p=29956","title":{"rendered":"Eduardo Ram\u00edrez asiste al Encuentro Nacional Municipal, encabezado por la presidenta Claudia Sheinbaum*"},"content":{"rendered":"<p>&nbsp;<\/p>\n<p>El gobernador Eduardo Ram\u00edrez Aguilar asisti\u00f3 al Encuentro Nacional Municipal, encabezado por la presidenta Claudia Sheinbaum Pardo, que reuni\u00f3 a las y los gobernadores y presidentes municipales de todo el pa\u00eds.<\/p>\n<p>&nbsp;<\/p>\n<p>En su mensaje, la presidenta Claudia Sheinbaum Pardo propuso medidas para fortalecer el desarrollo municipal y la construcci\u00f3n de la paz, adem\u00e1s de convocar a las y los gobernadores y alcaldes a servir al pueblo de M\u00e9xico con honestidad y amor.<\/p>\n<p>&nbsp;<\/p>\n<p>Durante el evento, celebrado en el World Trade Center de la Ciudad de M\u00e9xico, se abordaron distintos temas, como atenci\u00f3n a las causas de la violencia; se firm\u00f3 el convenio para la creaci\u00f3n del Componente Ind\u00edgena del Fondo de Aportaciones para la Infraestructura Social (FAIS) y se present\u00f3 la iniciativa de crear senderos de paz en el pa\u00eds, que busca promover la convivencia pac\u00edfica entre todas y todos.<\/p>\n<p>&nbsp;<\/p>\n<p>Tras el evento, Ram\u00edrez Aguilar expres\u00f3 su respaldo a las acciones impulsadas por la mandataria federal y destac\u00f3 la importancia de trabajar juntos para enfrentar los retos de M\u00e9xico. \u201cNuestro pa\u00eds necesita unidad y, bajo el liderazgo de nuestra presidenta, seguiremos construyendo un M\u00e9xico m\u00e1s justo, equitativo y libre\u201d, subray\u00f3.<\/p>\n","protected":false},"excerpt":{"rendered":"<p>&nbsp; El gobernador Eduardo Ram\u00edrez Aguilar asisti\u00f3 al Encuentro Nacional Municipal, encabezado por la presidenta&#8230;<\/p>\n","protected":false},"author":2,"featured_media":29957,"comment_status":"closed","ping_status":"closed","sticky":false,"template":"","format":"standard","meta":{"_joinchat":[],"footnotes":""},"categories":[18,1,2,3],"tags":[],"class_list":["post-29956","post","type-post","status-publish","format-standard","has-post-thumbnail","hentry","category-almomento","category-boletin","category-estado","category-health"],"_links":{"self":[{"href":"https:\/\/icoinformativo.mx\/home\/index.php?rest_route=\/wp\/v2\/posts\/29956","targetHints":{"allow":["GET"]}}],"collection":[{"href":"https:\/\/icoinformativo.mx\/home\/index.php?rest_route=\/wp\/v2\/posts"}],"about":[{"href":"https:\/\/icoinformativo.mx\/home\/index.php?rest_route=\/wp\/v2\/types\/post"}],"author":[{"embeddable":true,"href":"https:\/\/icoinformativo.mx\/home\/index.php?rest_route=\/wp\/v2\/users\/2"}],"replies":[{"embeddable":true,"href":"https:\/\/icoinformativo.mx\/home\/index.php?rest_route=%2Fwp%2Fv2%2Fcomments&post=29956"}],"version-history":[{"count":1,"href":"https:\/\/icoinformativo.mx\/home\/index.php?rest_route=\/wp\/v2\/posts\/29956\/revisions"}],"predecessor-version":[{"id":29958,"href":"https:\/\/icoinformativo.mx\/home\/index.php?rest_route=\/wp\/v2\/posts\/29956\/revisions\/29958"}],"wp:featuredmedia":[{"embeddable":true,"href":"https:\/\/icoinformativo.mx\/home\/index.php?rest_route=\/wp\/v2\/media\/29957"}],"wp:attachment":[{"href":"https:\/\/icoinformativo.mx\/home\/index.php?rest_route=%2Fwp%2Fv2%2Fmedia&parent=29956"}],"wp:term":[{"taxonomy":"category","embeddable":true,"href":"https:\/\/icoinformativo.mx\/home\/index.php?rest_route=%2Fwp%2Fv2%2Fcategories&post=29956"},{"taxonomy":"post_tag","embeddable":true,"href":"https:\/\/icoinformativo.mx\/home\/index.php?rest_route=%2Fwp%2Fv2%2Ftags&post=29956"}],"curies":[{"name":"wp","href":"https:\/\/api.w.org\/{rel}","templated":true}]}}