{"id":29953,"date":"2025-01-17T04:01:59","date_gmt":"2025-01-17T04:01:59","guid":{"rendered":"https:\/\/icoinformativo.mx\/home\/?p=29953"},"modified":"2025-01-17T04:01:59","modified_gmt":"2025-01-17T04:01:59","slug":"alcalde-de-reforma-asiste-al-encuentro-nacional-municipal","status":"publish","type":"post","link":"https:\/\/icoinformativo.mx\/home\/?p=29953","title":{"rendered":"Alcalde de Reforma asiste al Encuentro Nacional Municipal"},"content":{"rendered":"<p>Pedro Ram\u00edrez Ramos, alcalde de Reforma, asisti\u00f3 al Encuentro Nacional Municipal presidido por la Presidenta de M\u00e9xico, Claudia Sheinbaum Pardo. En este evento, Ram\u00edrez Ramos reafirm\u00f3 su compromiso de trabajar por su municipio y expres\u00f3 su optimismo sobre los proyectos que se avecinan para Reforma este a\u00f1o.<\/p>\n<p>Durante el encuentro, tambi\u00e9n tuvo la oportunidad de saludar al gobernador de Chiapas, Eduardo Ram\u00edrez Aguilar, y se sum\u00f3 a la misi\u00f3n de la presidenta de M\u00e9xico de servir al pueblo con honestidad y amor. Este encuentro nacional es una plataforma importante para que los l\u00edderes municipales como Ram\u00edrez Ramos puedan discutir temas cruciales y coordinar esfuerzos para el desarrollo de sus comunidades.<\/p>\n","protected":false},"excerpt":{"rendered":"<p>Pedro Ram\u00edrez Ramos, alcalde de Reforma, asisti\u00f3 al Encuentro Nacional Municipal presidido por la Presidenta&#8230;<\/p>\n","protected":false},"author":2,"featured_media":29954,"comment_status":"closed","ping_status":"closed","sticky":false,"template":"","format":"standard","meta":{"_joinchat":[],"footnotes":""},"categories":[18,1,2,3],"tags":[],"class_list":["post-29953","post","type-post","status-publish","format-standard","has-post-thumbnail","hentry","category-almomento","category-boletin","category-estado","category-health"],"_links":{"self":[{"href":"https:\/\/icoinformativo.mx\/home\/index.php?rest_route=\/wp\/v2\/posts\/29953","targetHints":{"allow":["GET"]}}],"collection":[{"href":"https:\/\/icoinformativo.mx\/home\/index.php?rest_route=\/wp\/v2\/posts"}],"about":[{"href":"https:\/\/icoinformativo.mx\/home\/index.php?rest_route=\/wp\/v2\/types\/post"}],"author":[{"embeddable":true,"href":"https:\/\/icoinformativo.mx\/home\/index.php?rest_route=\/wp\/v2\/users\/2"}],"replies":[{"embeddable":true,"href":"https:\/\/icoinformativo.mx\/home\/index.php?rest_route=%2Fwp%2Fv2%2Fcomments&post=29953"}],"version-history":[{"count":1,"href":"https:\/\/icoinformativo.mx\/home\/index.php?rest_route=\/wp\/v2\/posts\/29953\/revisions"}],"predecessor-version":[{"id":29955,"href":"https:\/\/icoinformativo.mx\/home\/index.php?rest_route=\/wp\/v2\/posts\/29953\/revisions\/29955"}],"wp:featuredmedia":[{"embeddable":true,"href":"https:\/\/icoinformativo.mx\/home\/index.php?rest_route=\/wp\/v2\/media\/29954"}],"wp:attachment":[{"href":"https:\/\/icoinformativo.mx\/home\/index.php?rest_route=%2Fwp%2Fv2%2Fmedia&parent=29953"}],"wp:term":[{"taxonomy":"category","embeddable":true,"href":"https:\/\/icoinformativo.mx\/home\/index.php?rest_route=%2Fwp%2Fv2%2Fcategories&post=29953"},{"taxonomy":"post_tag","embeddable":true,"href":"https:\/\/icoinformativo.mx\/home\/index.php?rest_route=%2Fwp%2Fv2%2Ftags&post=29953"}],"curies":[{"name":"wp","href":"https:\/\/api.w.org\/{rel}","templated":true}]}}