{"id":29950,"date":"2025-01-17T03:57:19","date_gmt":"2025-01-17T03:57:19","guid":{"rendered":"https:\/\/icoinformativo.mx\/home\/?p=29950"},"modified":"2025-01-17T03:57:19","modified_gmt":"2025-01-17T03:57:19","slug":"se-reune-marco-antonio-barba-con-productores-de-cafe-cacao-y-maiz-del-soconusco","status":"publish","type":"post","link":"https:\/\/icoinformativo.mx\/home\/?p=29950","title":{"rendered":"Se re\u00fane Marco Antonio Barba con productores de caf\u00e9, cacao y ma\u00edz del Soconusco"},"content":{"rendered":"<p>&nbsp;<\/p>\n<p>Los productores de caf\u00e9, cacao y ma\u00edz del Soconusco se reunieron con el titular de la Secretar\u00eda de Agricultura, Ganader\u00eda y Pesca, Marco Antonio Barba Arrocha, para exponer la crisis generada por la sequ\u00eda at\u00edpica del fen\u00f3meno de El Ni\u00f1o, que redujo la producci\u00f3n agr\u00edcola hasta en un 60% durante el ciclo 2024-2025.<\/p>\n<p>&nbsp;<\/p>\n<p>Solicitaron la declaratoria de \u201cSiniestro de Cosecha\u201d para el caf\u00e9 en los municipios de Motozintla, Villa Comaltitl\u00e1n, Huehuet\u00e1n, Tapachula y Tuxtla Chico, entre otros.<\/p>\n<p>&nbsp;<\/p>\n<p>Barba Arrocha explic\u00f3 que, para que pueda operar el Fondo para la Gesti\u00f3n Integral de Riesgos de Desastres los tr\u00e1mites se deben realizar, en tiempo y forma, ante Protecci\u00f3n Civil, en coordinaci\u00f3n con los ayuntamientos, y si este es aprobado la SAGyP finalmente ejecuta los recursos.<\/p>\n<p>&nbsp;<\/p>\n<p>\u00abEl gobernador Eduardo Ram\u00edrez Aguilar me instruy\u00f3 atender y apoyar a los productores mediante una pol\u00edtica humanista que garantice la paz social, indic\u00f3 en tanto los productores del Soconusco reconocieron los esfuerzos del gobierno en el proceso de pacificaci\u00f3n que da certidumbre al campo.<\/p>\n<p>&nbsp;<\/p>\n<p>#secretariadeagriculturaypescadechiapas #HumanismoQueTransforma #SAGyP #EduardoRamirezAguilar<\/p>\n","protected":false},"excerpt":{"rendered":"<p>&nbsp; Los productores de caf\u00e9, cacao y ma\u00edz del Soconusco se reunieron con el titular&#8230;<\/p>\n","protected":false},"author":2,"featured_media":29951,"comment_status":"closed","ping_status":"closed","sticky":false,"template":"","format":"standard","meta":{"_joinchat":[],"footnotes":""},"categories":[18,1,2,3],"tags":[],"class_list":["post-29950","post","type-post","status-publish","format-standard","has-post-thumbnail","hentry","category-almomento","category-boletin","category-estado","category-health"],"_links":{"self":[{"href":"https:\/\/icoinformativo.mx\/home\/index.php?rest_route=\/wp\/v2\/posts\/29950","targetHints":{"allow":["GET"]}}],"collection":[{"href":"https:\/\/icoinformativo.mx\/home\/index.php?rest_route=\/wp\/v2\/posts"}],"about":[{"href":"https:\/\/icoinformativo.mx\/home\/index.php?rest_route=\/wp\/v2\/types\/post"}],"author":[{"embeddable":true,"href":"https:\/\/icoinformativo.mx\/home\/index.php?rest_route=\/wp\/v2\/users\/2"}],"replies":[{"embeddable":true,"href":"https:\/\/icoinformativo.mx\/home\/index.php?rest_route=%2Fwp%2Fv2%2Fcomments&post=29950"}],"version-history":[{"count":1,"href":"https:\/\/icoinformativo.mx\/home\/index.php?rest_route=\/wp\/v2\/posts\/29950\/revisions"}],"predecessor-version":[{"id":29952,"href":"https:\/\/icoinformativo.mx\/home\/index.php?rest_route=\/wp\/v2\/posts\/29950\/revisions\/29952"}],"wp:featuredmedia":[{"embeddable":true,"href":"https:\/\/icoinformativo.mx\/home\/index.php?rest_route=\/wp\/v2\/media\/29951"}],"wp:attachment":[{"href":"https:\/\/icoinformativo.mx\/home\/index.php?rest_route=%2Fwp%2Fv2%2Fmedia&parent=29950"}],"wp:term":[{"taxonomy":"category","embeddable":true,"href":"https:\/\/icoinformativo.mx\/home\/index.php?rest_route=%2Fwp%2Fv2%2Fcategories&post=29950"},{"taxonomy":"post_tag","embeddable":true,"href":"https:\/\/icoinformativo.mx\/home\/index.php?rest_route=%2Fwp%2Fv2%2Ftags&post=29950"}],"curies":[{"name":"wp","href":"https:\/\/api.w.org\/{rel}","templated":true}]}}