{"id":29941,"date":"2025-01-17T03:47:25","date_gmt":"2025-01-17T03:47:25","guid":{"rendered":"https:\/\/icoinformativo.mx\/home\/?p=29941"},"modified":"2025-01-17T03:47:25","modified_gmt":"2025-01-17T03:47:25","slug":"secretario-de-educacion-convoca-al-sector-empresarial-a-sumarse-al-programa-de-alfabetizacion-chiapas-puede","status":"publish","type":"post","link":"https:\/\/icoinformativo.mx\/home\/?p=29941","title":{"rendered":"Secretario de Educaci\u00f3n convoca al sector empresarial a sumarse al Programa de Alfabetizaci\u00f3n \u201cChiapas Puede\u201d"},"content":{"rendered":"<p>\u00b7 Atestigua Roger Mandujano la firma de un convenio de colaboraci\u00f3n entre el Icheja y el Centro Empresarial de Chiapas<\/p>\n<p>\u00b7 Resalt\u00f3 que el objetivo de la alfabetizaci\u00f3n es brindar esa llave de acceso hacia oportunidades de desarrollo social y personal, as\u00ed como hacia otro nivel de conciencia<\/p>\n<p>&nbsp;<\/p>\n<p>Tuxtla Guti\u00e9rrez; 16 de enero de 2025.- El secretario de Educaci\u00f3n, Roger Mandujano Ayala, atestigu\u00f3 la firma del convenio de colaboraci\u00f3n entre el Instituto Chiapaneco de Educaci\u00f3n para J\u00f3venes y Adultos (Icheja) y el Centro Empresarial de Chiapas, representados por Sergio David Molina G\u00f3mez y Luis Alberto Estrada Contreras, respectivamente.<\/p>\n<p>&nbsp;<\/p>\n<p>Lo anterior, con la finalidad de llevar a cabo acciones de manera conjunta como parte del Programa de Alfabetizaci\u00f3n \u201cChiapas Puede\u201d del Gobierno del Estado, entre ellas, que sus trabajadores y familiares puedan concluir la primaria y la secundaria, a trav\u00e9s del Icheja, en su modalidad de MEV, APRENDE INEA.<\/p>\n<p>&nbsp;<\/p>\n<p>Al respecto, el titular de la Secretar\u00eda de Educaci\u00f3n se\u00f1al\u00f3 que \u00e9sta ha sido una jornada muy intensa y en la que est\u00e1n actuando con todo el coraz\u00f3n y con mucha convicci\u00f3n puesto que se trata de una tarea de justicia y de reivindicaci\u00f3n social.<\/p>\n<p>Estamos empezando este gobierno con la enorme convicci\u00f3n de transformar a Chiapas, expuso Mandujano Ayala, al tiempo de explicar que el objetivo de la alfabetizaci\u00f3n es brindar esa llave de acceso hacia oportunidades de desarrollo social y personal, pero tambi\u00e9n, de acceder a otro nivel de conciencia hacia la felicidad, ese es el empoderamiento del pueblo, y eso \u2013dijo- se traduce en una sociedad con mejores indicadores de desarrollo.<\/p>\n<p>&nbsp;<\/p>\n<p>En ese sentido, el secretario de Educaci\u00f3n solicit\u00f3 a las empresas brindar los espacios y tiempos necesarios para que, si tienen gente que no sepa leer y escribir pueda hacerlo, para lo cual se va a otorgar la beca \u201cRosario Castellanos\u201d, y de igual forma, designen a una persona que dedique una hora de su tiempo a la alfabetizaci\u00f3n de una persona externa, as\u00ed como difundiendo la mencionada beca; no es como una responsabilidad social nada m\u00e1s, mencion\u00f3, sino por una conciencia social.<\/p>\n<p>&nbsp;<\/p>\n<p>\u201cNos sumemos todos al llamado del gobernador Eduardo Ram\u00edrez y sean empresas Alfa, empresas l\u00edderes y alfabetizadoras para que el d\u00eda de ma\u00f1ana, cuando se voltee a ver esta justa hist\u00f3rica, se diga que el Centro Empresarial de Chiapas hizo su trabajo por el deber de la conciencia. Si\u00e9ntanse libres de sumar y proponer porque de eso se trata, de la colaboraci\u00f3n entre ciudadan\u00eda y gobierno, lo cual se llama gobernanza y yo creo que, como nunca antes, se est\u00e1 haciendo este llamado al despertar de las conciencias\u201d, concluy\u00f3.<\/p>\n<p>&nbsp;<\/p>\n<p>El director del Icheja, Sergio David Molina G\u00f3mez, expres\u00f3 que se tiene una deuda hist\u00f3rica con Chiapas, que precisamente hoy, cuando se cuenta con un gobernador como Eduardo Ram\u00edrez, con un gobierno humanista y transformador se ha puesto los ojos en las grandes cosas, pero tambi\u00e9n en las que estaban olvidadas, como es la educaci\u00f3n.<\/p>\n<p>&nbsp;<\/p>\n<p>Luis Alberto Estrada Contreras, presidente del Centro Empresarial de Chiapas, agradeci\u00f3 por su parte la consolidaci\u00f3n de esta firma de convenio, refiriendo que la educaci\u00f3n de Chiapas es el pilar fundamental para lograr el desarrollo del estado y que, cuando escuch\u00f3 la motivaci\u00f3n y \u00e1nimo con que el gobernador plante\u00f3 la idea de sacar al estado del analfabetismo, le entusiasm\u00f3 mucho, ya que leer y escribir son necesidades b\u00e1sicas hoy en d\u00eda.<\/p>\n<p>&nbsp;<\/p>\n<p>\u201cPor supuesto que nos sumamos a este esfuerzo se\u00f1or secretario, Roger Mandujano, y haga el favor de hacer llegar este mensaje al gobernador, de que nos sumamos a \u00e9ste y todos los llamados que haga. Yo celebro este convenio porque ya no podemos entender el desarrollo de una entidad sin la colaboraci\u00f3n entre gobierno y sociedad. Esperemos pues, lograr esa gran meta de levantar bandera blanca en el menor tiempo posible\u201d, finaliz\u00f3.<\/p>\n","protected":false},"excerpt":{"rendered":"<p>\u00b7 Atestigua Roger Mandujano la firma de un convenio de colaboraci\u00f3n entre el Icheja y&#8230;<\/p>\n","protected":false},"author":2,"featured_media":29942,"comment_status":"closed","ping_status":"closed","sticky":false,"template":"","format":"standard","meta":{"_joinchat":[],"footnotes":""},"categories":[18,1,2,3],"tags":[],"class_list":["post-29941","post","type-post","status-publish","format-standard","has-post-thumbnail","hentry","category-almomento","category-boletin","category-estado","category-health"],"_links":{"self":[{"href":"https:\/\/icoinformativo.mx\/home\/index.php?rest_route=\/wp\/v2\/posts\/29941","targetHints":{"allow":["GET"]}}],"collection":[{"href":"https:\/\/icoinformativo.mx\/home\/index.php?rest_route=\/wp\/v2\/posts"}],"about":[{"href":"https:\/\/icoinformativo.mx\/home\/index.php?rest_route=\/wp\/v2\/types\/post"}],"author":[{"embeddable":true,"href":"https:\/\/icoinformativo.mx\/home\/index.php?rest_route=\/wp\/v2\/users\/2"}],"replies":[{"embeddable":true,"href":"https:\/\/icoinformativo.mx\/home\/index.php?rest_route=%2Fwp%2Fv2%2Fcomments&post=29941"}],"version-history":[{"count":1,"href":"https:\/\/icoinformativo.mx\/home\/index.php?rest_route=\/wp\/v2\/posts\/29941\/revisions"}],"predecessor-version":[{"id":29943,"href":"https:\/\/icoinformativo.mx\/home\/index.php?rest_route=\/wp\/v2\/posts\/29941\/revisions\/29943"}],"wp:featuredmedia":[{"embeddable":true,"href":"https:\/\/icoinformativo.mx\/home\/index.php?rest_route=\/wp\/v2\/media\/29942"}],"wp:attachment":[{"href":"https:\/\/icoinformativo.mx\/home\/index.php?rest_route=%2Fwp%2Fv2%2Fmedia&parent=29941"}],"wp:term":[{"taxonomy":"category","embeddable":true,"href":"https:\/\/icoinformativo.mx\/home\/index.php?rest_route=%2Fwp%2Fv2%2Fcategories&post=29941"},{"taxonomy":"post_tag","embeddable":true,"href":"https:\/\/icoinformativo.mx\/home\/index.php?rest_route=%2Fwp%2Fv2%2Ftags&post=29941"}],"curies":[{"name":"wp","href":"https:\/\/api.w.org\/{rel}","templated":true}]}}