{"id":29938,"date":"2025-01-17T03:44:31","date_gmt":"2025-01-17T03:44:31","guid":{"rendered":"https:\/\/icoinformativo.mx\/home\/?p=29938"},"modified":"2025-01-17T03:44:31","modified_gmt":"2025-01-17T03:44:31","slug":"gobierno-de-chiapas-emite-exhorto-ambiental-a-los-ayuntamientos-para-reducir-riesgos-de-incendios-forestales","status":"publish","type":"post","link":"https:\/\/icoinformativo.mx\/home\/?p=29938","title":{"rendered":"Gobierno de Chiapas emite exhorto ambiental a los ayuntamientos para reducir riesgos de incendios forestales"},"content":{"rendered":"<p>&nbsp;<\/p>\n<p>\u00b7 Se trabaja con la visi\u00f3n de la defensa del medio ambiente y los intereses relacionados con la protecci\u00f3n del patrimonio natural y factores ambientales<\/p>\n<p>&nbsp;<\/p>\n<p>Tuxtla Guti\u00e9rrez, Chiapas.- Con el objetivo de preservar el entorno y garantizar la seguridad de la poblaci\u00f3n, la Fiscal\u00eda General del Estado (FGE) y la Secretar\u00eda de Protecci\u00f3n Civil del Gobierno de Chiapas emitieron un exhorto ambiental a las presidentas y presidentes municipales, as\u00ed como a integrantes de los ayuntamientos para implementar acciones de prevenci\u00f3n legal y reducir riesgos de incendios forestales en la entidad.<\/p>\n<p>&nbsp;<\/p>\n<p>En un documento signado por el fiscal General del Estado, Jorge Luis Llaven Abarca, y el secretario de Protecci\u00f3n Civil, Mauricio Cordero Rodr\u00edguez, enfatizaron que el gobierno estatal trabaja con la visi\u00f3n de la defensa del medio ambiente y los intereses relacionados con la protecci\u00f3n del patrimonio natural y factores ambientales.<\/p>\n<p>&nbsp;<\/p>\n<p>Ante ello, \u201cresulta trascendente prevenir acciones contrarias a la Ley con el prop\u00f3sito de evitar sanciones administrativas de responsabilidades y la Comisi\u00f3n del Delito de Ecocidio por Incendio Forestal, que en la actualidad tiene una sanci\u00f3n que va de 5 a 12 a\u00f1os de prisi\u00f3n y se agrava hasta 20 a\u00f1os de prisi\u00f3n cuando se pierdan vidas humanas o se afecte la integridad f\u00edsica de las personas, conforme lo establecido en el art\u00edculo 457 del C\u00f3digo Penal para el Estado de Chiapas\u201d.<\/p>\n<p>&nbsp;<\/p>\n<p>En este contexto, las instancias recalcaron que los desaf\u00edos en materia de biodiversidad que enfrenta el Estado, requieren de un compromiso colectivo hacia soluciones que respeten y valoren la pluralidad cultural y natural de Chiapas, promoviendo el desarrollo econ\u00f3mico, la inclusi\u00f3n social y la sostenibilidad ambiental.<\/p>\n<p>&nbsp;<\/p>\n<p>Como se menciona en el Plan Chiapas Transformador, uno de los ejes prioritarios para el desarrollo econ\u00f3mico de Chiapas es la agricultura, empero, \u201cdurante los \u00faltimos a\u00f1os, las actividades previas a la preparaci\u00f3n de las tierras para los cultivos, entre ellas el desmonte, destrucci\u00f3n, quema, zafra, tumba, roza, corte y arranque, entre otras; se han salido de control, situaci\u00f3n que adem\u00e1s de generar contaminaci\u00f3n ambiental desmedida, pone en peligro la vida de las personas y su patrimonio.\u201d<\/p>\n<p>&nbsp;<\/p>\n<p>El Gobierno de la Nueva Era, que encabeza el gobernador del Estado, Eduardo Ram\u00edrez Aguilar, busca abordar estas problem\u00e1ticas a trav\u00e9s de un enfoque integral que atienda las necesidades inmediatas y que construya las bases para un futuro m\u00e1s equitativo y pr\u00f3spero, asegurando que las y los chiapanecos logren su pleno desarrollo dentro de un esquema de justicia social y cuidado del medio ambiente.<\/p>\n<p>&nbsp;<\/p>\n<p>El Gobierno de Chiapas considera que la defensa del medio ambiente y los intereses relacionados con la protecci\u00f3n del patrimonio natural y factores ambientales, no se limitan a la afectaci\u00f3n de una persona en lo particular, sino que son un asunto de inter\u00e9s colectivo; la protecci\u00f3n del derecho humano a un medio ambiente sano, por ello se exige la aplicaci\u00f3n de medidas administrativas y la aplicaci\u00f3n de la ley para gozar de un ambiente sano.<\/p>\n","protected":false},"excerpt":{"rendered":"<p>&nbsp; \u00b7 Se trabaja con la visi\u00f3n de la defensa del medio ambiente y los&#8230;<\/p>\n","protected":false},"author":2,"featured_media":29939,"comment_status":"closed","ping_status":"closed","sticky":false,"template":"","format":"standard","meta":{"_joinchat":[],"footnotes":""},"categories":[18,1,2,3],"tags":[],"class_list":["post-29938","post","type-post","status-publish","format-standard","has-post-thumbnail","hentry","category-almomento","category-boletin","category-estado","category-health"],"_links":{"self":[{"href":"https:\/\/icoinformativo.mx\/home\/index.php?rest_route=\/wp\/v2\/posts\/29938","targetHints":{"allow":["GET"]}}],"collection":[{"href":"https:\/\/icoinformativo.mx\/home\/index.php?rest_route=\/wp\/v2\/posts"}],"about":[{"href":"https:\/\/icoinformativo.mx\/home\/index.php?rest_route=\/wp\/v2\/types\/post"}],"author":[{"embeddable":true,"href":"https:\/\/icoinformativo.mx\/home\/index.php?rest_route=\/wp\/v2\/users\/2"}],"replies":[{"embeddable":true,"href":"https:\/\/icoinformativo.mx\/home\/index.php?rest_route=%2Fwp%2Fv2%2Fcomments&post=29938"}],"version-history":[{"count":1,"href":"https:\/\/icoinformativo.mx\/home\/index.php?rest_route=\/wp\/v2\/posts\/29938\/revisions"}],"predecessor-version":[{"id":29940,"href":"https:\/\/icoinformativo.mx\/home\/index.php?rest_route=\/wp\/v2\/posts\/29938\/revisions\/29940"}],"wp:featuredmedia":[{"embeddable":true,"href":"https:\/\/icoinformativo.mx\/home\/index.php?rest_route=\/wp\/v2\/media\/29939"}],"wp:attachment":[{"href":"https:\/\/icoinformativo.mx\/home\/index.php?rest_route=%2Fwp%2Fv2%2Fmedia&parent=29938"}],"wp:term":[{"taxonomy":"category","embeddable":true,"href":"https:\/\/icoinformativo.mx\/home\/index.php?rest_route=%2Fwp%2Fv2%2Fcategories&post=29938"},{"taxonomy":"post_tag","embeddable":true,"href":"https:\/\/icoinformativo.mx\/home\/index.php?rest_route=%2Fwp%2Fv2%2Ftags&post=29938"}],"curies":[{"name":"wp","href":"https:\/\/api.w.org\/{rel}","templated":true}]}}