{"id":29932,"date":"2025-01-17T03:28:26","date_gmt":"2025-01-17T03:28:26","guid":{"rendered":"https:\/\/icoinformativo.mx\/home\/?p=29932"},"modified":"2025-01-17T03:28:26","modified_gmt":"2025-01-17T03:28:26","slug":"director-del-instituto-del-deporte-presente-en-inauguracion-de-juegos-deportivos-escolares-de-nivel-primaria","status":"publish","type":"post","link":"https:\/\/icoinformativo.mx\/home\/?p=29932","title":{"rendered":"Director del Instituto del Deporte, presente en inauguraci\u00f3n de Juegos Deportivos Escolares de nivel primaria"},"content":{"rendered":"<p>&nbsp;<\/p>\n<p>\u00b7 Adona\u00ed S\u00e1nchez Osorio dio a conocer que Chiapas participar\u00e1 en los Juegos Nacionales Escolares 2025<\/p>\n<p>\u00b7 Al evento de atletismo acudieron autoridades educativas, directores, profesores y familiares de las y los participantes<\/p>\n<p>&nbsp;<\/p>\n<p>Ante cientos de ni\u00f1as y ni\u00f1os, directores de escuela, profesores de educaci\u00f3n f\u00edsica, madres y padres de familia, el director del Instituto del Deporte (Indeporte), Adona\u00ed S\u00e1nchez Osorio, inaugur\u00f3 los Juegos Deportivos Escolares de nivel primaria en la disciplina de atletismo.<\/p>\n<p>&nbsp;<\/p>\n<p>En su participaci\u00f3n, S\u00e1nchez Osorio motiv\u00f3 a las y los j\u00f3venes a dar todo de s\u00ed para ganar e integrar la selecci\u00f3n estatal, pues revel\u00f3 se han hecho las gestiones necesarias para asistir a los Juegos Nacionales 2025, cita a la que Chiapas se ha ausentado durante muchos a\u00f1os.<\/p>\n<p>&nbsp;<\/p>\n<p>\u201cEste es el Instituto del Deporte, su casa, y el que ustedes est\u00e9n participando me llena de mucha emoci\u00f3n. Me da gusto decirles que este a\u00f1o ser\u00e1 diferente para todos, pues con el respaldo del gobernador Eduardo Ram\u00edrez Aguilar y de las autoridades educativas, se va a buscar el apoyo para que las y los seleccionados de cada deporte representen a Chiapas en los Juegos Nacionales Escolares 2025\u201d, se\u00f1al\u00f3.<\/p>\n<p>&nbsp;<\/p>\n<p>En ese sentido, resalt\u00f3 la sinergia deporte, educaci\u00f3n y sector salud, v\u00ednculos que refuerzan los objetivos planteados en el beneficio de las y los deportistas de Chiapas.<\/p>\n<p>&nbsp;<\/p>\n<p>Jos\u00e9 Hugo Campos Flores, director de Educaci\u00f3n B\u00e1sica, en representaci\u00f3n de Roger Mandujano Ayala, secretario de Educaci\u00f3n del Estado de Chiapas, fue el encargado de dar la declaratoria inaugural de los Juegos Deportivos Escolares de nivel primaria.<\/p>\n<p>&nbsp;<\/p>\n<p>Cabe destacar que la etapa de pista en el Indeporte es parte de las actividades del calendario de la Secretar\u00eda de Educaci\u00f3n, que iniciaron en diciembre de 2024 en las instalaciones del parque del oriente, sede de las disciplinas de f\u00fatbol y basquetbol. Se espera las competencias del handball.<\/p>\n<p>&nbsp;<\/p>\n<p>El acto realizado en las instalaciones del Indeporte reuni\u00f3 a Jos\u00e9 Hugo Campos, director de Educaci\u00f3n B\u00e1sica; Bernardo Couti\u00f1o, secretario t\u00e9cnico del Indeporte, V\u00edctor Hugo Aguilar Velasco, jefe del Departamento de Educaci\u00f3n F\u00edsica; Guadalupe Gonz\u00e1lez Ruiz, supervisora de la Secci\u00f3n 025; Leticia Zenteno, supervisora del Sector 05; Jorge Alfonso Mart\u00ednez, jefe del Sector 01; Luzney Guzm\u00e1n Reyes, supervisora de la Zona Escolar 028; adem\u00e1s de directores de las escuelas participantes.<\/p>\n<p>&nbsp;<\/p>\n<p>En el evento participaron 400 alumnas y alumnos, 40 maestras y maestros de las escuelas: Francisco Gonz\u00e1lez Bocanegra, Francisco Indalecio Madero, Anexa a la Normal vespertino, Amado Nervo matutino y vespertino, Carlos Maciel Espinosa, Juan Benavides, Octavio Paz vespertino, Unesco Vespertino, Jos\u00e9 Vasconcelos Calder\u00f3n, Instituto Victoria, Colegio La Paz y ONU vespertino; de las zonas escolares de primaria: 021, 028 y 053 de Tuxtla Guti\u00e9rrez.<\/p>\n","protected":false},"excerpt":{"rendered":"<p>&nbsp; \u00b7 Adona\u00ed S\u00e1nchez Osorio dio a conocer que Chiapas participar\u00e1 en los Juegos Nacionales&#8230;<\/p>\n","protected":false},"author":2,"featured_media":29933,"comment_status":"closed","ping_status":"closed","sticky":false,"template":"","format":"standard","meta":{"_joinchat":[],"footnotes":""},"categories":[18,1,2,3],"tags":[],"class_list":["post-29932","post","type-post","status-publish","format-standard","has-post-thumbnail","hentry","category-almomento","category-boletin","category-estado","category-health"],"_links":{"self":[{"href":"https:\/\/icoinformativo.mx\/home\/index.php?rest_route=\/wp\/v2\/posts\/29932","targetHints":{"allow":["GET"]}}],"collection":[{"href":"https:\/\/icoinformativo.mx\/home\/index.php?rest_route=\/wp\/v2\/posts"}],"about":[{"href":"https:\/\/icoinformativo.mx\/home\/index.php?rest_route=\/wp\/v2\/types\/post"}],"author":[{"embeddable":true,"href":"https:\/\/icoinformativo.mx\/home\/index.php?rest_route=\/wp\/v2\/users\/2"}],"replies":[{"embeddable":true,"href":"https:\/\/icoinformativo.mx\/home\/index.php?rest_route=%2Fwp%2Fv2%2Fcomments&post=29932"}],"version-history":[{"count":1,"href":"https:\/\/icoinformativo.mx\/home\/index.php?rest_route=\/wp\/v2\/posts\/29932\/revisions"}],"predecessor-version":[{"id":29934,"href":"https:\/\/icoinformativo.mx\/home\/index.php?rest_route=\/wp\/v2\/posts\/29932\/revisions\/29934"}],"wp:featuredmedia":[{"embeddable":true,"href":"https:\/\/icoinformativo.mx\/home\/index.php?rest_route=\/wp\/v2\/media\/29933"}],"wp:attachment":[{"href":"https:\/\/icoinformativo.mx\/home\/index.php?rest_route=%2Fwp%2Fv2%2Fmedia&parent=29932"}],"wp:term":[{"taxonomy":"category","embeddable":true,"href":"https:\/\/icoinformativo.mx\/home\/index.php?rest_route=%2Fwp%2Fv2%2Fcategories&post=29932"},{"taxonomy":"post_tag","embeddable":true,"href":"https:\/\/icoinformativo.mx\/home\/index.php?rest_route=%2Fwp%2Fv2%2Ftags&post=29932"}],"curies":[{"name":"wp","href":"https:\/\/api.w.org\/{rel}","templated":true}]}}