{"id":29929,"date":"2025-01-17T03:25:53","date_gmt":"2025-01-17T03:25:53","guid":{"rendered":"https:\/\/icoinformativo.mx\/home\/?p=29929"},"modified":"2025-01-17T03:25:53","modified_gmt":"2025-01-17T03:25:53","slug":"iap-y-pje-firman-convenio-general-de-colaboracion-un-nuevo-compromiso-con-la-capacitacion-y-programas-academicos-en-la-nueva-era","status":"publish","type":"post","link":"https:\/\/icoinformativo.mx\/home\/?p=29929","title":{"rendered":"IAP y PJE firman Convenio General de Colaboraci\u00f3n, un nuevo compromiso con la capacitaci\u00f3n y programas acad\u00e9micos en la Nueva ERA"},"content":{"rendered":"<p>&nbsp;<\/p>\n<p>\u00b7 Presiden la firma de convenio el magistrado presidente Juan Carlos Moreno Guill\u00e9n y la presidenta del Consejo Directivo del IAP, Lysette Raquel Lameiro Camacho<br \/>\n\u00b7 Firman como testigos de honor el secretario de Humanismo, Francisco Chac\u00f3n S\u00e1nchez, y el consejero jur\u00eddico del Gobierno del Estado, Guillermo Nieto Arreola<\/p>\n<p>Tuxtla Guti\u00e9rrez, Chiapas; jueves 16 de enero 2025.- El magistrado presidente del Tribunal Superior de Justicia y del Consejo de la Judicatura del Estado, Juan Carlos Moreno Guill\u00e9n, y la presidenta del Consejo Directivo del Instituto de Administraci\u00f3n P\u00fablica del estado de Chiapas (IAP), Lysette Raquel Lameiro Camacho, firmaron un Convenio General de Colaboraci\u00f3n en materia de capacitaci\u00f3n y programas acad\u00e9micos, con el objetivo de llevar a cabo acciones e iniciativas conjuntas.<\/p>\n<p>En su intervenci\u00f3n, la presidenta del IAP Chiapas destac\u00f3 que al firmar este convenio se establecen compromisos y mecanismos para trabajar de manera conjunta con el Poder Judicial del Estado (PJE), con el fin de fortalecer las capacidades, porque una justicia fortalecida no solo resuelve conflictos, sino que tambi\u00e9n contribuye a construir ciudadan\u00eda, una ciudadan\u00eda que conf\u00ede en sus instituciones, que participe activamente en la vida p\u00fablica y que sea capaz de generar cambios positivos en sus comunidades.<\/p>\n<p>Esta alianza, dijo, se fundamenta en valores compartidos, integridad, responsabilidad, transparencia y, sobre todo, el humanismo transformador en esta Nueva ERA.<br \/>\nPor su parte, Juan Carlos Moreno Guill\u00e9n, magistrado presidente del Tribunal Superior de Justicia y del Consejo de la Judicatura del Estado, expres\u00f3 que con la firma de este primer convenio entre el PJE y el IAP, se busca fortalecer la profesionalizaci\u00f3n y el desarrollo de los servidores del pueblo. \u00abMe siento honrado de que esta firma se lleve a cabo y de que podamos cristalizar los frutos de este acuerdo en beneficios tangibles para nuestros colaboradores\u00bb.<\/p>\n<p>Adem\u00e1s, culmin\u00f3 con un llamado a todos los presentes a ser no s\u00f3lo testigos, sino tambi\u00e9n part\u00edcipes de este convenio, el cual promete marcar un antes y un despu\u00e9s en la formaci\u00f3n y capacitaci\u00f3n dentro del Poder Judicial. Con este acuerdo, se espera fortalecer la administraci\u00f3n de justicia en Chiapas y contribuir al crecimiento profesional de sus integrantes.<\/p>\n<p>En la firma del convenio estuvieron presentes, magistrados, consejeros, jueces, oficiales mayores directores y el Consejo Directivo del IAP Chiapas, entre otras personalidades.<\/p>\n","protected":false},"excerpt":{"rendered":"<p>&nbsp; \u00b7 Presiden la firma de convenio el magistrado presidente Juan Carlos Moreno Guill\u00e9n y&#8230;<\/p>\n","protected":false},"author":2,"featured_media":29930,"comment_status":"closed","ping_status":"closed","sticky":false,"template":"","format":"standard","meta":{"_joinchat":[],"footnotes":""},"categories":[18,1,3],"tags":[],"class_list":["post-29929","post","type-post","status-publish","format-standard","has-post-thumbnail","hentry","category-almomento","category-boletin","category-health"],"_links":{"self":[{"href":"https:\/\/icoinformativo.mx\/home\/index.php?rest_route=\/wp\/v2\/posts\/29929","targetHints":{"allow":["GET"]}}],"collection":[{"href":"https:\/\/icoinformativo.mx\/home\/index.php?rest_route=\/wp\/v2\/posts"}],"about":[{"href":"https:\/\/icoinformativo.mx\/home\/index.php?rest_route=\/wp\/v2\/types\/post"}],"author":[{"embeddable":true,"href":"https:\/\/icoinformativo.mx\/home\/index.php?rest_route=\/wp\/v2\/users\/2"}],"replies":[{"embeddable":true,"href":"https:\/\/icoinformativo.mx\/home\/index.php?rest_route=%2Fwp%2Fv2%2Fcomments&post=29929"}],"version-history":[{"count":1,"href":"https:\/\/icoinformativo.mx\/home\/index.php?rest_route=\/wp\/v2\/posts\/29929\/revisions"}],"predecessor-version":[{"id":29931,"href":"https:\/\/icoinformativo.mx\/home\/index.php?rest_route=\/wp\/v2\/posts\/29929\/revisions\/29931"}],"wp:featuredmedia":[{"embeddable":true,"href":"https:\/\/icoinformativo.mx\/home\/index.php?rest_route=\/wp\/v2\/media\/29930"}],"wp:attachment":[{"href":"https:\/\/icoinformativo.mx\/home\/index.php?rest_route=%2Fwp%2Fv2%2Fmedia&parent=29929"}],"wp:term":[{"taxonomy":"category","embeddable":true,"href":"https:\/\/icoinformativo.mx\/home\/index.php?rest_route=%2Fwp%2Fv2%2Fcategories&post=29929"},{"taxonomy":"post_tag","embeddable":true,"href":"https:\/\/icoinformativo.mx\/home\/index.php?rest_route=%2Fwp%2Fv2%2Ftags&post=29929"}],"curies":[{"name":"wp","href":"https:\/\/api.w.org\/{rel}","templated":true}]}}