{"id":29923,"date":"2025-01-16T05:00:42","date_gmt":"2025-01-16T05:00:42","guid":{"rendered":"https:\/\/icoinformativo.mx\/home\/?p=29923"},"modified":"2025-01-16T05:00:42","modified_gmt":"2025-01-16T05:00:42","slug":"fge-logra-obtener-sentencia-condenatoria-de-dos-personas-por-el-delito-de-trata-de-personas-y-violacion","status":"publish","type":"post","link":"https:\/\/icoinformativo.mx\/home\/?p=29923","title":{"rendered":"*FGE logra obtener sentencia condenatoria de dos personas por el delito de trata de personas y violaci\u00f3n*"},"content":{"rendered":"<p>&nbsp;<\/p>\n<p>\u2022 El il\u00edcito ocurri\u00f3 en el municipio de Bochil<\/p>\n<p>&nbsp;<\/p>\n<p>La Fiscal\u00eda General del Estado obtuvo del Poder Judicial de esta entidad, sentencia condenatoria, en contra de Ana \u201cN\u201d, alias \u201cla Mami\u201d y Jos\u00e9 \u201cN\u201d, alias \u201cChepe\u201d, por los delitos de trata de personas, en la modalidad de explotaci\u00f3n sexual y violaci\u00f3n, cometido en agravio de una mujer de identidad reservada, por hechos ocurridos en el municipio de Bochil.<\/p>\n<p>&nbsp;<\/p>\n<p>De la carpeta de investigaci\u00f3n se desprende que la v\u00edctima adem\u00e1s de ser objeto de violaci\u00f3n sexual fue obligada a ejercer la prostituci\u00f3n en un bar, siendo objeto de explotaci\u00f3n sexual.<\/p>\n<p>&nbsp;<\/p>\n<p>La Jueza de enjuiciamiento de los Distritos Judiciales San Crist\u00f3bal y Bochil, en audiencia de individualizaci\u00f3n de sanciones, impuso a los sentenciados las siguientes penas; para Mar\u00eda \u201cN\u201d la sentencia de 30 a\u00f1os de prisi\u00f3n y una multa de 2000 unidades de medida y actualizaci\u00f3n, y en el caso de Jos\u00e9 \u201cN\u201d, una pena de 8 a\u00f1os de prisi\u00f3n y una multa de 2000 unidades de medida y actualizaci\u00f3n.<\/p>\n<p>&nbsp;<\/p>\n<p>Con estas acciones, la Fiscal\u00eda General del Estado refrenda su compromiso de velar por los derechos humanos de las mujeres, esclareciendo todos los hechos que le sean denunciados, garantizando Cero Impunidad.<\/p>\n","protected":false},"excerpt":{"rendered":"<p>&nbsp; \u2022 El il\u00edcito ocurri\u00f3 en el municipio de Bochil &nbsp; La Fiscal\u00eda General del&#8230;<\/p>\n","protected":false},"author":2,"featured_media":29924,"comment_status":"closed","ping_status":"closed","sticky":false,"template":"","format":"standard","meta":{"_joinchat":[],"footnotes":""},"categories":[18,1,2,3],"tags":[],"class_list":["post-29923","post","type-post","status-publish","format-standard","has-post-thumbnail","hentry","category-almomento","category-boletin","category-estado","category-health"],"_links":{"self":[{"href":"https:\/\/icoinformativo.mx\/home\/index.php?rest_route=\/wp\/v2\/posts\/29923","targetHints":{"allow":["GET"]}}],"collection":[{"href":"https:\/\/icoinformativo.mx\/home\/index.php?rest_route=\/wp\/v2\/posts"}],"about":[{"href":"https:\/\/icoinformativo.mx\/home\/index.php?rest_route=\/wp\/v2\/types\/post"}],"author":[{"embeddable":true,"href":"https:\/\/icoinformativo.mx\/home\/index.php?rest_route=\/wp\/v2\/users\/2"}],"replies":[{"embeddable":true,"href":"https:\/\/icoinformativo.mx\/home\/index.php?rest_route=%2Fwp%2Fv2%2Fcomments&post=29923"}],"version-history":[{"count":1,"href":"https:\/\/icoinformativo.mx\/home\/index.php?rest_route=\/wp\/v2\/posts\/29923\/revisions"}],"predecessor-version":[{"id":29925,"href":"https:\/\/icoinformativo.mx\/home\/index.php?rest_route=\/wp\/v2\/posts\/29923\/revisions\/29925"}],"wp:featuredmedia":[{"embeddable":true,"href":"https:\/\/icoinformativo.mx\/home\/index.php?rest_route=\/wp\/v2\/media\/29924"}],"wp:attachment":[{"href":"https:\/\/icoinformativo.mx\/home\/index.php?rest_route=%2Fwp%2Fv2%2Fmedia&parent=29923"}],"wp:term":[{"taxonomy":"category","embeddable":true,"href":"https:\/\/icoinformativo.mx\/home\/index.php?rest_route=%2Fwp%2Fv2%2Fcategories&post=29923"},{"taxonomy":"post_tag","embeddable":true,"href":"https:\/\/icoinformativo.mx\/home\/index.php?rest_route=%2Fwp%2Fv2%2Ftags&post=29923"}],"curies":[{"name":"wp","href":"https:\/\/api.w.org\/{rel}","templated":true}]}}