{"id":29920,"date":"2025-01-16T04:57:21","date_gmt":"2025-01-16T04:57:21","guid":{"rendered":"https:\/\/icoinformativo.mx\/home\/?p=29920"},"modified":"2025-01-16T04:57:21","modified_gmt":"2025-01-16T04:57:21","slug":"constata-eduardo-ramirez-incremento-salarial-a-policias-y-reafirma-compromiso-con-la-seguridad-de-chiapas","status":"publish","type":"post","link":"https:\/\/icoinformativo.mx\/home\/?p=29920","title":{"rendered":"*Constata Eduardo Ram\u00edrez incremento salarial a polic\u00edas y reafirma compromiso con la seguridad de Chiapas*"},"content":{"rendered":"<p>&nbsp;<\/p>\n<p>En un acto simb\u00f3lico, el gobernador Eduardo Ram\u00edrez Aguilar constat\u00f3 la entrega del incremento salarial en beneficio de 7 mil 793 elementos operativos de la Secretar\u00eda de Seguridad del Pueblo (SSP), donde enfatiz\u00f3 que la lucha para pacificar al estado ser\u00e1 exitosa, porque se tiene coraje, valent\u00eda, determinaci\u00f3n y amor al pueblo, y porque las y los polic\u00edas son los mejores hijos de Chiapas.<\/p>\n<p>&nbsp;<\/p>\n<p>Acompa\u00f1ado por el secretario de Seguridad del Pueblo, \u00d3scar Alberto Aparicio Avenda\u00f1o, el mandatario estatal expres\u00f3: \u201cTenemos un gran reto, seguir con la pacificaci\u00f3n del estado, por el camino de la justicia y del bien. Somos m\u00e1s los buenos que los malos y tomamos esta batalla porque nos asiste la raz\u00f3n y la ley. Le digo a la Polic\u00eda Estatal de Chiapas, vamos a ganar porque somos los mejores hijos de Chiapas\u201d.<\/p>\n<p>&nbsp;<\/p>\n<p>Tras destacar que uno de los principales objetivos de su administraci\u00f3n es transformar a la polic\u00eda estatal en una de las mejores remuneradas a nivel nacional, el gobernador subray\u00f3 que el reciente aumento salarial representa un paso significativo hacia la dignificaci\u00f3n de la labor policial y reiter\u00f3 que continuar\u00e1 realizando esfuerzos extraordinarios para lograr este prop\u00f3sito. \u201cSi tenemos una polic\u00eda bien pagada tambi\u00e9n combatiremos uno de los c\u00e1nceres que m\u00e1s nos ha afectado: la corrupci\u00f3n\u201d, asegur\u00f3.<\/p>\n<p>&nbsp;<\/p>\n<p>En este sentido, el mandatario hizo un llamado a denunciar de manera an\u00f3nima cualquier acto de corrupci\u00f3n dentro de las filas policiales, y enfatiz\u00f3 que no habr\u00e1 tolerancia para quienes traicionen la confianza del pueblo. \u00abNo tengo compromisos con nadie, llegu\u00e9 con autoridad moral, tengo honestidad para actuar y as\u00ed me quiero mantener para regresar la tranquilidad a Chiapas\u201d.<\/p>\n<p>&nbsp;<\/p>\n<p>El secretario de Seguridad del Pueblo, \u00d3scar Alberto Aparicio Avenda\u00f1o, dio a conocer que a partir de este d\u00eda, cerca de 10 mil elementos policiales ser\u00e1n beneficiados con el aumento salarial, dignificando con ello su labor. Refrend\u00f3 el compromiso de no dar un paso atr\u00e1s en el combate a la delincuencia y seguir avanzando en acciones de proximidad social para generar la confianza de las y los chiapanecos.<\/p>\n<p>&nbsp;<\/p>\n<p>El fiscal general del Estado, Jorge Luis Llaven Abarca, se\u00f1al\u00f3 que en materia de seguridad, la justicia social del gobierno de la Nueva ERA inicia por dar certeza laboral a las mujeres y los hombres valientes que combaten de forma cotidiana la inseguridad de Chiapas. Reconoci\u00f3 que este aumento salarial es muestra de la sensibilidad pol\u00edtica.<\/p>\n<p>&nbsp;<\/p>\n<p>El magistrado presidente del Tribunal Superior de Justicia del Estado, Juan Carlos Moreno Guill\u00e9n, reiter\u00f3 la convicci\u00f3n del Poder Judicial de seguir sumando esfuerzos en materia de seguridad, al tiempo de celebrar esta acci\u00f3n que refleja el compromiso del mandatario estatal que entiende que cada elemento tiene una familia y un proyecto de vida.<\/p>\n<p>&nbsp;<\/p>\n<p>El alcalde de Tuxtla Guti\u00e9rrez, Angel Torres Culebro, reconoci\u00f3 el liderazgo del gobernador Eduardo Ram\u00edrez y las acciones que impulsa para seguir transformando a Chiapas en materia de seguridad, por lo que, desde la Secretar\u00eda de Seguridad P\u00fablica y Tr\u00e1nsito Municipal, resalt\u00f3, har\u00e1n lo propio para sumarse a estas acciones y conformar una sola unidad policial que trabaje de forma integral a favor de la paz social.<\/p>\n<p>&nbsp;<\/p>\n<p>En representaci\u00f3n de las y los polic\u00edas beneficiados, Olimpia Atenea D\u00edaz D\u00edaz, expres\u00f3 que este incremento salarial, adem\u00e1s de fortalecer su labor, dignifica su esfuerzo diario. \u201cEste acto demuestra que, para el Gobierno de Chiapas, nuestra seguridad y bienestar son una prioridad\u201d.<\/p>\n<p>&nbsp;<\/p>\n<p>Asistieron: el subsecretario de Operaci\u00f3n Policial, Juan Valerio G\u00f3mez Zamora; el comandante del 20 Batall\u00f3n de Infanter\u00eda \u201cLos Sabinos\u201d en representaci\u00f3n del comandante de la 31\u00aa Zona Militar, Mauricio Garc\u00eda Rivera; la secretaria t\u00e9cnica de la Mesa de Coordinaci\u00f3n para la Reconstrucci\u00f3n de Paz y Seguridad en Chiapas, Mar\u00eda Baldramina Zepeda Melgar.<\/p>\n<p>&nbsp;<\/p>\n<p>Asimismo, el fiscal federal en el Estado de Chiapas, el Alejandro Vila Ch\u00e1vez; el director general de la Polic\u00eda Investigaci\u00f3n, Eber Quintero Ju\u00e1rez, en representaci\u00f3n de la titular del Instituto Nacional de Migraci\u00f3n en Chiapas, Maricruz Hern\u00e1ndez Salazar; y la elemento policial de la Secretar\u00eda de Seguridad del Pueblo, Olimpia Atenea D\u00edaz D\u00edaz.<\/p>\n","protected":false},"excerpt":{"rendered":"<p>&nbsp; En un acto simb\u00f3lico, el gobernador Eduardo Ram\u00edrez Aguilar constat\u00f3 la entrega del incremento&#8230;<\/p>\n","protected":false},"author":2,"featured_media":29921,"comment_status":"closed","ping_status":"closed","sticky":false,"template":"","format":"standard","meta":{"_joinchat":[],"footnotes":""},"categories":[18,1,2,3],"tags":[],"class_list":["post-29920","post","type-post","status-publish","format-standard","has-post-thumbnail","hentry","category-almomento","category-boletin","category-estado","category-health"],"_links":{"self":[{"href":"https:\/\/icoinformativo.mx\/home\/index.php?rest_route=\/wp\/v2\/posts\/29920","targetHints":{"allow":["GET"]}}],"collection":[{"href":"https:\/\/icoinformativo.mx\/home\/index.php?rest_route=\/wp\/v2\/posts"}],"about":[{"href":"https:\/\/icoinformativo.mx\/home\/index.php?rest_route=\/wp\/v2\/types\/post"}],"author":[{"embeddable":true,"href":"https:\/\/icoinformativo.mx\/home\/index.php?rest_route=\/wp\/v2\/users\/2"}],"replies":[{"embeddable":true,"href":"https:\/\/icoinformativo.mx\/home\/index.php?rest_route=%2Fwp%2Fv2%2Fcomments&post=29920"}],"version-history":[{"count":1,"href":"https:\/\/icoinformativo.mx\/home\/index.php?rest_route=\/wp\/v2\/posts\/29920\/revisions"}],"predecessor-version":[{"id":29922,"href":"https:\/\/icoinformativo.mx\/home\/index.php?rest_route=\/wp\/v2\/posts\/29920\/revisions\/29922"}],"wp:featuredmedia":[{"embeddable":true,"href":"https:\/\/icoinformativo.mx\/home\/index.php?rest_route=\/wp\/v2\/media\/29921"}],"wp:attachment":[{"href":"https:\/\/icoinformativo.mx\/home\/index.php?rest_route=%2Fwp%2Fv2%2Fmedia&parent=29920"}],"wp:term":[{"taxonomy":"category","embeddable":true,"href":"https:\/\/icoinformativo.mx\/home\/index.php?rest_route=%2Fwp%2Fv2%2Fcategories&post=29920"},{"taxonomy":"post_tag","embeddable":true,"href":"https:\/\/icoinformativo.mx\/home\/index.php?rest_route=%2Fwp%2Fv2%2Ftags&post=29920"}],"curies":[{"name":"wp","href":"https:\/\/api.w.org\/{rel}","templated":true}]}}