{"id":29911,"date":"2025-01-16T04:42:45","date_gmt":"2025-01-16T04:42:45","guid":{"rendered":"https:\/\/icoinformativo.mx\/home\/?p=29911"},"modified":"2025-01-16T04:42:45","modified_gmt":"2025-01-16T04:42:45","slug":"amatan-celebra-los-100-dias-de-gobierno-municipal","status":"publish","type":"post","link":"https:\/\/icoinformativo.mx\/home\/?p=29911","title":{"rendered":"Amat\u00e1n celebra los 100 d\u00edas de gobierno municipal"},"content":{"rendered":"<p>\u00a1Un hito importante en la historia de Amat\u00e1n! El gobierno municipal encabezado por Majin Aguilar Utrilla celebra sus primeros 100 d\u00edas de gesti\u00f3n, marcados por una \u00abTransformaci\u00f3n Progresista\u00bb que busca mejorar la calidad de vida de los habitantes de este municipio chiapaneco.<\/p>\n<p>&nbsp;<\/p>\n<p>En este breve per\u00edodo, el Ayuntamiento de Amat\u00e1n ha iniciado acciones concretas para impulsar el desarrollo y el bienestar de la comunidad, comprometi\u00e9ndose con la transparencia, la justicia social y la mejora continua de la calidad de vida de sus ciudadanos.<\/p>\n<p>&nbsp;<\/p>\n<p>Este logro no es casualidad, sino el resultado de un trabajo arduo y comprometido con la visi\u00f3n de \u00abUnidos por una Nueva ERA\u00bb, que busca construir un futuro m\u00e1s pr\u00f3spero y justo para todos los amataneses.<\/p>\n<p>&nbsp;<\/p>\n<p>\u00a1Felicitaciones al gobierno municipal de Amat\u00e1n por este importante logro.<\/p>\n","protected":false},"excerpt":{"rendered":"<p>\u00a1Un hito importante en la historia de Amat\u00e1n! El gobierno municipal encabezado por Majin Aguilar&#8230;<\/p>\n","protected":false},"author":2,"featured_media":29912,"comment_status":"closed","ping_status":"closed","sticky":false,"template":"","format":"standard","meta":{"_joinchat":[],"footnotes":""},"categories":[18,1,2,3],"tags":[],"class_list":["post-29911","post","type-post","status-publish","format-standard","has-post-thumbnail","hentry","category-almomento","category-boletin","category-estado","category-health"],"_links":{"self":[{"href":"https:\/\/icoinformativo.mx\/home\/index.php?rest_route=\/wp\/v2\/posts\/29911","targetHints":{"allow":["GET"]}}],"collection":[{"href":"https:\/\/icoinformativo.mx\/home\/index.php?rest_route=\/wp\/v2\/posts"}],"about":[{"href":"https:\/\/icoinformativo.mx\/home\/index.php?rest_route=\/wp\/v2\/types\/post"}],"author":[{"embeddable":true,"href":"https:\/\/icoinformativo.mx\/home\/index.php?rest_route=\/wp\/v2\/users\/2"}],"replies":[{"embeddable":true,"href":"https:\/\/icoinformativo.mx\/home\/index.php?rest_route=%2Fwp%2Fv2%2Fcomments&post=29911"}],"version-history":[{"count":1,"href":"https:\/\/icoinformativo.mx\/home\/index.php?rest_route=\/wp\/v2\/posts\/29911\/revisions"}],"predecessor-version":[{"id":29913,"href":"https:\/\/icoinformativo.mx\/home\/index.php?rest_route=\/wp\/v2\/posts\/29911\/revisions\/29913"}],"wp:featuredmedia":[{"embeddable":true,"href":"https:\/\/icoinformativo.mx\/home\/index.php?rest_route=\/wp\/v2\/media\/29912"}],"wp:attachment":[{"href":"https:\/\/icoinformativo.mx\/home\/index.php?rest_route=%2Fwp%2Fv2%2Fmedia&parent=29911"}],"wp:term":[{"taxonomy":"category","embeddable":true,"href":"https:\/\/icoinformativo.mx\/home\/index.php?rest_route=%2Fwp%2Fv2%2Fcategories&post=29911"},{"taxonomy":"post_tag","embeddable":true,"href":"https:\/\/icoinformativo.mx\/home\/index.php?rest_route=%2Fwp%2Fv2%2Ftags&post=29911"}],"curies":[{"name":"wp","href":"https:\/\/api.w.org\/{rel}","templated":true}]}}