{"id":29905,"date":"2025-01-16T04:33:31","date_gmt":"2025-01-16T04:33:31","guid":{"rendered":"https:\/\/icoinformativo.mx\/home\/?p=29905"},"modified":"2025-01-16T04:33:31","modified_gmt":"2025-01-16T04:33:31","slug":"gobierno-municipal-y-sociedad-civil-unidos-por-un-pichucalco-mas-limpio","status":"publish","type":"post","link":"https:\/\/icoinformativo.mx\/home\/?p=29905","title":{"rendered":"Gobierno Municipal y Sociedad Civil: Unidos por un Pichucalco M\u00e1s Limpio"},"content":{"rendered":"<p>&nbsp;<\/p>\n<p>El Gobierno Municipal de Pichucalco, presidido por el maestro Andr\u00e9s Carballo C\u00f3rdova, siguiendo las pol\u00edticas p\u00fablicas del Gobernador Eduardo Ram\u00edrez, trabaja de la mano no solo con dependencias de los distintos \u00f3rdenes de gobierno, sino tambi\u00e9n con la sociedad civil para impulsar el desarrollo y bienestar de la comunidad.<\/p>\n<p>&nbsp;<\/p>\n<p>En esta ocasi\u00f3n, el grupo de emprendedoras F\u00e9nix, en agradecimiento al apoyo que el maestro Andr\u00e9s Carballo les ha brindado para impulsar sus negocios y la econom\u00eda local, y en reconocimiento a la poblaci\u00f3n pichucalcalque\u00f1a por adquirir sus productos, don\u00f3 contenedores de basura para ser instalados en el parque central del municipio. Seg\u00fan la presidenta Gabriela Barberi, esta donaci\u00f3n es una forma de \u00abregresar a Pichucalco un poco de lo que nos da\u00bb, y exhort\u00f3 a la ciudadan\u00eda a cuidar nuestra ciudad.<\/p>\n<p>&nbsp;<\/p>\n<p>La importancia de la participaci\u00f3n ciudadana en el desarrollo y mejora del municipio es destacada por las regidoras Genoveva Cruz Morales, Leyla Julissa Narez Aguilar y el regidor Heber Isai L\u00f3pez S\u00e1nchez, quienes, junto a la directora de Reglamentos y el director de Servicios P\u00fablicos Municipales, recibieron esta valiosa donaci\u00f3n.<\/p>\n<p>&nbsp;<\/p>\n<p>Estas acciones son un claro ejemplo de c\u00f3mo la colaboraci\u00f3n entre gobierno y sociedad civil puede generar cambios positivos en la comunidad, promoviendo un entorno m\u00e1s limpio y saludable para todos los habitantes.<\/p>\n<p>&nbsp;<\/p>\n<p>Acciones que Contribuyen al Cambio.<\/p>\n","protected":false},"excerpt":{"rendered":"<p>&nbsp; El Gobierno Municipal de Pichucalco, presidido por el maestro Andr\u00e9s Carballo C\u00f3rdova, siguiendo las&#8230;<\/p>\n","protected":false},"author":2,"featured_media":29906,"comment_status":"closed","ping_status":"closed","sticky":false,"template":"","format":"standard","meta":{"_joinchat":[],"footnotes":""},"categories":[18,1,2,3],"tags":[],"class_list":["post-29905","post","type-post","status-publish","format-standard","has-post-thumbnail","hentry","category-almomento","category-boletin","category-estado","category-health"],"_links":{"self":[{"href":"https:\/\/icoinformativo.mx\/home\/index.php?rest_route=\/wp\/v2\/posts\/29905","targetHints":{"allow":["GET"]}}],"collection":[{"href":"https:\/\/icoinformativo.mx\/home\/index.php?rest_route=\/wp\/v2\/posts"}],"about":[{"href":"https:\/\/icoinformativo.mx\/home\/index.php?rest_route=\/wp\/v2\/types\/post"}],"author":[{"embeddable":true,"href":"https:\/\/icoinformativo.mx\/home\/index.php?rest_route=\/wp\/v2\/users\/2"}],"replies":[{"embeddable":true,"href":"https:\/\/icoinformativo.mx\/home\/index.php?rest_route=%2Fwp%2Fv2%2Fcomments&post=29905"}],"version-history":[{"count":1,"href":"https:\/\/icoinformativo.mx\/home\/index.php?rest_route=\/wp\/v2\/posts\/29905\/revisions"}],"predecessor-version":[{"id":29907,"href":"https:\/\/icoinformativo.mx\/home\/index.php?rest_route=\/wp\/v2\/posts\/29905\/revisions\/29907"}],"wp:featuredmedia":[{"embeddable":true,"href":"https:\/\/icoinformativo.mx\/home\/index.php?rest_route=\/wp\/v2\/media\/29906"}],"wp:attachment":[{"href":"https:\/\/icoinformativo.mx\/home\/index.php?rest_route=%2Fwp%2Fv2%2Fmedia&parent=29905"}],"wp:term":[{"taxonomy":"category","embeddable":true,"href":"https:\/\/icoinformativo.mx\/home\/index.php?rest_route=%2Fwp%2Fv2%2Fcategories&post=29905"},{"taxonomy":"post_tag","embeddable":true,"href":"https:\/\/icoinformativo.mx\/home\/index.php?rest_route=%2Fwp%2Fv2%2Ftags&post=29905"}],"curies":[{"name":"wp","href":"https:\/\/api.w.org\/{rel}","templated":true}]}}