{"id":29885,"date":"2025-01-16T04:11:23","date_gmt":"2025-01-16T04:11:23","guid":{"rendered":"https:\/\/icoinformativo.mx\/home\/?p=29885"},"modified":"2025-01-16T04:11:23","modified_gmt":"2025-01-16T04:11:23","slug":"alfabetizar-tiene-que-ser-un-gran-capitulo-de-la-historia-de-chiapas-roger-mandujano-ayala","status":"publish","type":"post","link":"https:\/\/icoinformativo.mx\/home\/?p=29885","title":{"rendered":"Alfabetizar tiene que ser un gran cap\u00edtulo de la historia de Chiapas: Roger Mandujano Ayala"},"content":{"rendered":"<p>&nbsp;<\/p>\n<p>\u2022 Encabeza junto a los titulares del Conalep e Icheja, la puesta en marcha de los \u201cC\u00edrculos de Estudios ALFA Conalep\u201d<\/p>\n<p>&nbsp;<\/p>\n<p>Tuxtla Guti\u00e9rrez.\u2013 El secretario de Educaci\u00f3n, Roger Mandujano Ayala, encabez\u00f3 junto al director general del Colegio Nacional de Educaci\u00f3n Profesional T\u00e9cnica (Conalep), Leonardo Le\u00f3n Alc\u00e1zar y el director del Instituto Chiapaneco de Educaci\u00f3n Para J\u00f3venes y Adultos (Icheja), Sergio David Molina G\u00f3mez, la puesta en marcha de los \u201cC\u00edrculos de Estudios ALFA Conalep\u201d, acto que tuvo como sede el Plantel 312 de este instituto educativo en Tuxtla Guti\u00e9rrez.<\/p>\n<p>&nbsp;<\/p>\n<p>Acompa\u00f1\u00e1ndolos a presidir este acto, en el que se dieron a conocer las acciones que el Conalep implementar\u00e1 como parte del Programa de Alfabetizaci\u00f3n \u201cChiapas Puede\u201d estuvieron: la coordinadora acad\u00e9mica del Programa \u201cChiapas Puede\u201d, Flor Marina Berm\u00fadez Urbina; la directora del Plantel 312, Gabriela Salazar Sol\u00eds y el director acad\u00e9mico, Erich Armando Cruz Castellanos.<\/p>\n<p>&nbsp;<\/p>\n<p>Durante su intervenci\u00f3n, el secretario de Educaci\u00f3n, Roger Mandujano Ayala, reconoci\u00f3 al Conalep por ser la primera instituci\u00f3n educativa que est\u00e1 alfabetizando en Chiapas; \u201cen la Nueva ERA hay gente que viene con hambre de querer hacer las cosas bien y con hambre de trascender. Nuestro gobernador viene con hambre de trascender y \u00e9l ha dicho que no quiere hacer historia, \u00e9l quiere escribirla, y los que est\u00e1n hoy ense\u00f1ando a leer y a escribir son los que van a ayudarle; por eso les agradezco mucho que est\u00e9n este d\u00eda aqu\u00ed arrancando este proyecto humanista\u201d, mencion\u00f3.<\/p>\n<p>&nbsp;<\/p>\n<p>El titular record\u00f3 que pronto se lanzar\u00e1 la beca \u201cRosario Castellanos\u201d para reclutar a las personas que no saben leer y escribir, as\u00ed como a quienes quieran aprender, para posteriormente registrarlas y pasarlas a las instituciones educativas a fin de que las y los alumnos como entes de apoyo solidarios, coadyuven en este proceso liderados por sus maestros.<\/p>\n<p>&nbsp;<\/p>\n<p>\u201cLe he pedido al Icheja que esa convocatoria se vuelva a abrir para que la beca se vuelva a otorgar en el mes de febrero, con el objetivo de que todos los maestros del Conalep entren a recibir este subsidio y participen todos, teniendo as\u00ed un efecto multiplicador\u201c, refiri\u00f3.<\/p>\n<p>&nbsp;<\/p>\n<p>Dijo que m\u00e1s de 200 mil voluntarios son los que se van a enfilar en este ejercito alfabetizador y los que van a vivir esa experiencia humanizante; el tipo de alumno que estamos formando, asever\u00f3, tiene que tener estas nociones en su formaci\u00f3n curricular y en su formaci\u00f3n \u00e9tica; \u201cel proceso de alfabetizaci\u00f3n est\u00e1 moralizando a la sociedad, la sociedad est\u00e1 creyendo en el llamado del gobernador, se est\u00e1 sumando y adem\u00e1s lo est\u00e1 viendo de buena manera\u201d.<\/p>\n<p>&nbsp;<\/p>\n<p>Mandujano Ayala anunci\u00f3 que se tiene contemplada la impartici\u00f3n de la materia de \u00e9tica intercultural, en donde tienen que intervenir conceptos de los pueblos ind\u00edgenas, se trata, especific\u00f3, de aprender conceptos \u00e9tico-pol\u00edticos que ayuden a la formaci\u00f3n del alumno y ciudadano; es incorporar las ideas, el lenguaje, el di\u00e1logo, los saberes, sentir el dolor y la necesidad del otro para conseguir un sentimiento comunitario; \u201cse trata de reconocer al otro como una reverencia a la raz\u00f3n, al alma y a lo que es el otro, en el entendido de que, si reconozco al otro, me reconozco a m\u00ed mismo y reconozco a la sociedad\u201d.<\/p>\n<p>&nbsp;<\/p>\n<p>Dijo tambi\u00e9n que alfabetizar tiene que ser un gran cap\u00edtulo de la historia de Chiapas, donde todos est\u00e9n contentos y esto ser\u00e1 una gran cruzada en la que en seis a\u00f1os se estar\u00e1 haciendo el recuento de las personas que van a aprender a leer y escribir, gracias al Conalep.<\/p>\n<p>&nbsp;<\/p>\n<p>Por su parte, el director del Conalep, Leonardo Le\u00f3n Alc\u00e1zar, expres\u00f3 al secretario de Educaci\u00f3n la firme decisi\u00f3n de acompa\u00f1ar al Programa de Alfabetizaci\u00f3n \u201cChiapas Puede\u201d con todos sus planteles en Tuxtla Guti\u00e9rrez y en el que -dijo- van a estar participando maestros, alumnos y personal administrativo.<\/p>\n<p>&nbsp;<\/p>\n<p>\u201cEs fundamental se\u00f1alar que, desde la primera etapa del programa, el Conalep ha contado con la valiosa participaci\u00f3n del personal docente de los 12 planteles, en donde tenemos un total de siete mil 500 estudiantes y 400 maestros, entonces el Conalep Chiapas se compromete desde aqu\u00ed a estar al cien por ciento en ese valioso programa\u201d, recalc\u00f3.<\/p>\n<p>&nbsp;<\/p>\n<p>El Movimiento Alfa Conalep tiene como objetivo identificar por cada municipio las necesidades de alfabetizaci\u00f3n, por eso es esencial la participaci\u00f3n activa de cada docente en su comunidad, generando as\u00ed, un efecto multiplicador. \u201cHoy podemos demostrar que el trabajo en equipo siempre da resultados y la evidencia, es el inicio de estos c\u00edrculos de estudio\u201d, concluy\u00f3.<\/p>\n","protected":false},"excerpt":{"rendered":"<p>&nbsp; \u2022 Encabeza junto a los titulares del Conalep e Icheja, la puesta en marcha&#8230;<\/p>\n","protected":false},"author":2,"featured_media":29886,"comment_status":"closed","ping_status":"closed","sticky":false,"template":"","format":"standard","meta":{"_joinchat":[],"footnotes":""},"categories":[18,1,2,3],"tags":[],"class_list":["post-29885","post","type-post","status-publish","format-standard","has-post-thumbnail","hentry","category-almomento","category-boletin","category-estado","category-health"],"_links":{"self":[{"href":"https:\/\/icoinformativo.mx\/home\/index.php?rest_route=\/wp\/v2\/posts\/29885","targetHints":{"allow":["GET"]}}],"collection":[{"href":"https:\/\/icoinformativo.mx\/home\/index.php?rest_route=\/wp\/v2\/posts"}],"about":[{"href":"https:\/\/icoinformativo.mx\/home\/index.php?rest_route=\/wp\/v2\/types\/post"}],"author":[{"embeddable":true,"href":"https:\/\/icoinformativo.mx\/home\/index.php?rest_route=\/wp\/v2\/users\/2"}],"replies":[{"embeddable":true,"href":"https:\/\/icoinformativo.mx\/home\/index.php?rest_route=%2Fwp%2Fv2%2Fcomments&post=29885"}],"version-history":[{"count":1,"href":"https:\/\/icoinformativo.mx\/home\/index.php?rest_route=\/wp\/v2\/posts\/29885\/revisions"}],"predecessor-version":[{"id":29887,"href":"https:\/\/icoinformativo.mx\/home\/index.php?rest_route=\/wp\/v2\/posts\/29885\/revisions\/29887"}],"wp:featuredmedia":[{"embeddable":true,"href":"https:\/\/icoinformativo.mx\/home\/index.php?rest_route=\/wp\/v2\/media\/29886"}],"wp:attachment":[{"href":"https:\/\/icoinformativo.mx\/home\/index.php?rest_route=%2Fwp%2Fv2%2Fmedia&parent=29885"}],"wp:term":[{"taxonomy":"category","embeddable":true,"href":"https:\/\/icoinformativo.mx\/home\/index.php?rest_route=%2Fwp%2Fv2%2Fcategories&post=29885"},{"taxonomy":"post_tag","embeddable":true,"href":"https:\/\/icoinformativo.mx\/home\/index.php?rest_route=%2Fwp%2Fv2%2Ftags&post=29885"}],"curies":[{"name":"wp","href":"https:\/\/api.w.org\/{rel}","templated":true}]}}