{"id":29882,"date":"2025-01-16T04:08:09","date_gmt":"2025-01-16T04:08:09","guid":{"rendered":"https:\/\/icoinformativo.mx\/home\/?p=29882"},"modified":"2025-01-16T04:08:09","modified_gmt":"2025-01-16T04:08:09","slug":"entregan-incremento-salarial-al-personal-operativo-de-la-secretaria-de-seguridad-del-pueblo","status":"publish","type":"post","link":"https:\/\/icoinformativo.mx\/home\/?p=29882","title":{"rendered":"Entregan Incremento Salarial al Personal Operativo de la Secretar\u00eda de Seguridad del Pueblo\u00a0"},"content":{"rendered":"<p>&nbsp;<\/p>\n<p>&#8211; Acompa\u00f1ado del Secretario de Seguridad del Pueblo, el gobernador del estado, Eduardo Ram\u00edrez llev\u00f3 a cabo la Entrega del Incremento Salarial al Personal Operativo de la Secretar\u00eda Seguridad del Pueblo.<\/p>\n<p>&nbsp;<\/p>\n<p>El aumento salarial con el 40 por ciento para los cuerpos policiales ya es una realidad en Chiapas; lo que ayudar\u00e1 a fortalecer su compromiso y evitar que la delincuencia busque corromperlos, adem\u00e1s de mejorar sus condiciones laborales y salarios.<\/p>\n<p>&nbsp;<\/p>\n<p>El acto simb\u00f3lico se llev\u00f3 a cabo en la plaza c\u00edvica de la Secretar\u00eda de Seguridad del Pueblo (SPP), donde el mandatario estatal asegur\u00f3 que el objetivo es colocar a la polic\u00eda chiapaneca entre la mejor remunerada del pa\u00eds, marcando un precedente en la dignificaci\u00f3n de las fuerzas del orden.<\/p>\n<p>&nbsp;<\/p>\n<p>En este contexto el secretario de Seguridad del Pueblo, \u00d3scar Alberto Aparicio Avenda\u00f1o manifest\u00f3 adem\u00e1s del aumento salarial, que el objetivo es dotar a las corporaciones de herramientas modernas que fortalezcan su capacidad de respuesta y su operatividad en el terreno.<\/p>\n<p>&nbsp;<\/p>\n<p>Asegur\u00f3 que la instrucci\u00f3n del gobernador es restablecer el orden y la tranquilidad para todo el pueblo de Chiapas bajo estrategias de seguridad que den resultados contundentes.<\/p>\n<p>&nbsp;<\/p>\n<p>Asimismo, afirm\u00f3 que el \u00fanico compromiso es con el pueblo chiapaneco, que seguir\u00e1n trabajando bajo el liderazgo del mandatario estatal para recuperar la paz y la tranquilidad.<\/p>\n<p>&nbsp;<\/p>\n<p>Estuvieron presentes: el Subsecretario de Operaci\u00f3n Policial, Juan Valerio G\u00f3mez Zamora, el titular en Chiapas del Instituto Nacional de Migraci\u00f3n, Farah Gertrudiz Cerdio Mois\u00e9s; el comandante de la 31 Zona Militar General, Rom\u00e1n Villalvazo Barrios; el Fiscal Federal en el Estado, Ignacio Alejandro Vila Ch\u00e1vez; la Secretaria de la Mesa T\u00e9cnica de Seguridad, Mar\u00eda Baldramina Zepeda Melgar; el presidente Municipal de Tuxtla Guti\u00e9rrez, \u00c1ngel Torres Culebro; y el director general de la Polic\u00eda De Investigaci\u00f3n, Eber Quintero Ju\u00e1rez.<\/p>\n","protected":false},"excerpt":{"rendered":"<p>&nbsp; &#8211; Acompa\u00f1ado del Secretario de Seguridad del Pueblo, el gobernador del estado, Eduardo Ram\u00edrez&#8230;<\/p>\n","protected":false},"author":2,"featured_media":29883,"comment_status":"closed","ping_status":"closed","sticky":false,"template":"","format":"standard","meta":{"_joinchat":[],"footnotes":""},"categories":[18,1,2,3],"tags":[],"class_list":["post-29882","post","type-post","status-publish","format-standard","has-post-thumbnail","hentry","category-almomento","category-boletin","category-estado","category-health"],"_links":{"self":[{"href":"https:\/\/icoinformativo.mx\/home\/index.php?rest_route=\/wp\/v2\/posts\/29882","targetHints":{"allow":["GET"]}}],"collection":[{"href":"https:\/\/icoinformativo.mx\/home\/index.php?rest_route=\/wp\/v2\/posts"}],"about":[{"href":"https:\/\/icoinformativo.mx\/home\/index.php?rest_route=\/wp\/v2\/types\/post"}],"author":[{"embeddable":true,"href":"https:\/\/icoinformativo.mx\/home\/index.php?rest_route=\/wp\/v2\/users\/2"}],"replies":[{"embeddable":true,"href":"https:\/\/icoinformativo.mx\/home\/index.php?rest_route=%2Fwp%2Fv2%2Fcomments&post=29882"}],"version-history":[{"count":1,"href":"https:\/\/icoinformativo.mx\/home\/index.php?rest_route=\/wp\/v2\/posts\/29882\/revisions"}],"predecessor-version":[{"id":29884,"href":"https:\/\/icoinformativo.mx\/home\/index.php?rest_route=\/wp\/v2\/posts\/29882\/revisions\/29884"}],"wp:featuredmedia":[{"embeddable":true,"href":"https:\/\/icoinformativo.mx\/home\/index.php?rest_route=\/wp\/v2\/media\/29883"}],"wp:attachment":[{"href":"https:\/\/icoinformativo.mx\/home\/index.php?rest_route=%2Fwp%2Fv2%2Fmedia&parent=29882"}],"wp:term":[{"taxonomy":"category","embeddable":true,"href":"https:\/\/icoinformativo.mx\/home\/index.php?rest_route=%2Fwp%2Fv2%2Fcategories&post=29882"},{"taxonomy":"post_tag","embeddable":true,"href":"https:\/\/icoinformativo.mx\/home\/index.php?rest_route=%2Fwp%2Fv2%2Ftags&post=29882"}],"curies":[{"name":"wp","href":"https:\/\/api.w.org\/{rel}","templated":true}]}}