{"id":29879,"date":"2025-01-16T04:04:41","date_gmt":"2025-01-16T04:04:41","guid":{"rendered":"https:\/\/icoinformativo.mx\/home\/?p=29879"},"modified":"2025-01-16T04:04:41","modified_gmt":"2025-01-16T04:04:41","slug":"inaugura-semuigen-los-talleres-2025-de-la-albarrada","status":"publish","type":"post","link":"https:\/\/icoinformativo.mx\/home\/?p=29879","title":{"rendered":"Inaugura Semuigen los Talleres 2025 de La Albarrada"},"content":{"rendered":"<p>&nbsp;<\/p>\n<p>\u2022 En San Crist\u00f3bal de Las Casas las capacitaciones y cursos est\u00e1n disponibles para mujeres de todas las edades<\/p>\n<p>&nbsp;<\/p>\n<p>Tuxtla Guti\u00e9rrez, Chiapas; 15 de enero de 2025.- Con una amplia oferta de actividades t\u00e9cnicas, artesanales, agroecol\u00f3gicas y de la industria alimentaria, la titular de la Secretar\u00eda de la Mujer e Igualdad de G\u00e9nero (Semuigen), Dulce Mar\u00eda Rodr\u00edguez Ovando, inaugur\u00f3 este mi\u00e9rcoles los Talleres 2025 de La Albarrada-Semuigen, en San Crist\u00f3bal de Las Casas<\/p>\n<p>&nbsp;<\/p>\n<p>Panader\u00eda, agricultura sostenible, silvicultura, floricultura, tapetes anudados a mano, carpinter\u00eda, corte y confecci\u00f3n, electricidad e inform\u00e1tica, son algunos de los talleres dirigidos a mujeres que buscan capacitarse para lograr la autonom\u00eda econ\u00f3mica a trav\u00e9s de un emprendimiento.<\/p>\n<p>&nbsp;<\/p>\n<p>En ese marco, Rodr\u00edguez Ovando destac\u00f3 que estos talleres de oficios tradicionales y no tradicionales, est\u00e1n dise\u00f1ados para brindar a las usuarias herramientas que les permitan ampliar sus oportunidades laborales e incrementar sus ingresos.<\/p>\n<p>&nbsp;<\/p>\n<p>Durante un recorrido por las instalaciones, la titular de Semuigen reiter\u00f3 que esta instituci\u00f3n est\u00e1 comprometida con la promoci\u00f3n y garant\u00eda de los derechos de las mujeres por medio de la impartici\u00f3n de cursos en temas como roles y estereotipos de g\u00e9nero, prevenci\u00f3n de la violencia en el noviazgo, prevenci\u00f3n de la violencia escolar, prevenci\u00f3n de embarazo adolescente y educaci\u00f3n financiera.<\/p>\n<p>&nbsp;<\/p>\n<p>A este acto asistieron tambi\u00e9n Xochitl Yarenny P\u00e9rez G\u00f3mez, coordinadora operativa de La Albarrada, y la subsecretaria de Econom\u00eda Social de la Semuigen, Magali Guill\u00e9n Zepeda, quien enfatiz\u00f3 que uno de los objetivos de nuestra dependencia es trabajar por la igualdad de oportunidades bajo la visi\u00f3n humanista y con perspectiva de g\u00e9nero del gobernador Eduardo Ram\u00edrez Aguilar.<\/p>\n<p>&nbsp;<\/p>\n<p>Las mujeres que deseen inscribirse a los diferentes talleres pueden llamar a los tel\u00e9fonos: 967 674 5650 y 967 323 7355; o asistir a la Avenida de la Juventud, n\u00famero 143, del Barrio de Mar\u00eda Auxiliadora, en San Crist\u00f3bal de Las Casas, de lunes a viernes, de 09:00 a 14:00 horas.<\/p>\n","protected":false},"excerpt":{"rendered":"<p>&nbsp; \u2022 En San Crist\u00f3bal de Las Casas las capacitaciones y cursos est\u00e1n disponibles para&#8230;<\/p>\n","protected":false},"author":2,"featured_media":29880,"comment_status":"closed","ping_status":"closed","sticky":false,"template":"","format":"standard","meta":{"_joinchat":[],"footnotes":""},"categories":[18,1,2,3],"tags":[],"class_list":["post-29879","post","type-post","status-publish","format-standard","has-post-thumbnail","hentry","category-almomento","category-boletin","category-estado","category-health"],"_links":{"self":[{"href":"https:\/\/icoinformativo.mx\/home\/index.php?rest_route=\/wp\/v2\/posts\/29879","targetHints":{"allow":["GET"]}}],"collection":[{"href":"https:\/\/icoinformativo.mx\/home\/index.php?rest_route=\/wp\/v2\/posts"}],"about":[{"href":"https:\/\/icoinformativo.mx\/home\/index.php?rest_route=\/wp\/v2\/types\/post"}],"author":[{"embeddable":true,"href":"https:\/\/icoinformativo.mx\/home\/index.php?rest_route=\/wp\/v2\/users\/2"}],"replies":[{"embeddable":true,"href":"https:\/\/icoinformativo.mx\/home\/index.php?rest_route=%2Fwp%2Fv2%2Fcomments&post=29879"}],"version-history":[{"count":1,"href":"https:\/\/icoinformativo.mx\/home\/index.php?rest_route=\/wp\/v2\/posts\/29879\/revisions"}],"predecessor-version":[{"id":29881,"href":"https:\/\/icoinformativo.mx\/home\/index.php?rest_route=\/wp\/v2\/posts\/29879\/revisions\/29881"}],"wp:featuredmedia":[{"embeddable":true,"href":"https:\/\/icoinformativo.mx\/home\/index.php?rest_route=\/wp\/v2\/media\/29880"}],"wp:attachment":[{"href":"https:\/\/icoinformativo.mx\/home\/index.php?rest_route=%2Fwp%2Fv2%2Fmedia&parent=29879"}],"wp:term":[{"taxonomy":"category","embeddable":true,"href":"https:\/\/icoinformativo.mx\/home\/index.php?rest_route=%2Fwp%2Fv2%2Fcategories&post=29879"},{"taxonomy":"post_tag","embeddable":true,"href":"https:\/\/icoinformativo.mx\/home\/index.php?rest_route=%2Fwp%2Fv2%2Ftags&post=29879"}],"curies":[{"name":"wp","href":"https:\/\/api.w.org\/{rel}","templated":true}]}}