{"id":29876,"date":"2025-01-16T04:00:39","date_gmt":"2025-01-16T04:00:39","guid":{"rendered":"https:\/\/icoinformativo.mx\/home\/?p=29876"},"modified":"2025-01-16T04:00:39","modified_gmt":"2025-01-16T04:00:39","slug":"director-del-instituto-del-deporte-se-reune-con-secretaria-de-juventud-y-deporte-de-tapachula","status":"publish","type":"post","link":"https:\/\/icoinformativo.mx\/home\/?p=29876","title":{"rendered":"Director del Instituto del Deporte se re\u00fane con secretaria de Juventud y Deporte de Tapachula"},"content":{"rendered":"<p>&nbsp;<\/p>\n<p>\u2022 Adona\u00ed S\u00e1nchez Osorio dio su respaldo para coordinar y unir esfuerzos en los rubros de promoci\u00f3n, desarrollo y asesoramiento de infraestructura<\/p>\n<p>&nbsp;<\/p>\n<p>Con el compromiso de coordinar y unir esfuerzos para una mejor atenci\u00f3n y bienestar a la sociedad en esta Nueva ERA, la secretaria de Juventud y Deporte Municipal de Tapachula, Brenda Contreras Edelman, fue recibida por el titular del Instituto del Deporte del Estado de Chiapas (Indeporte), Adona\u00ed S\u00e1nchez Osorio, para intercambiar puntos de vista de trabajo.<\/p>\n<p>&nbsp;<\/p>\n<p>El encuentro se dio en la direcci\u00f3n general del Indeporte, en donde a Brenda Contreras Edelman se le reiter\u00f3 el apoyo de asesor\u00edas t\u00e9cnicas, organizacional y promocional para los diferentes eventos deportivos, as\u00ed como de asesoramiento de infraestructura en el tema deportivo.<\/p>\n<p>&nbsp;<\/p>\n<p>Por su parte el rector del deporte estatal, Adona\u00ed S\u00e1nchez Osorio, acompa\u00f1ado del director de Desarrollo del Deporte, Ferm\u00edn Carrasco Gonz\u00e1lez y el director de Cultura F\u00edsica, Mauro Rom\u00e1n Ch\u00e1vez Lastra, refrend\u00f3 su compromiso de apoyar en los diferentes rubros para impulsar la promoci\u00f3n y desarrollo del deporte en la juventud, ni\u00f1ez y sociedad en general como un plan trasversal de la nueva pol\u00edtica que ha convocado el gobernador Eduardo Ram\u00edrez Aguilar.<\/p>\n<p>&nbsp;<\/p>\n<p>Al t\u00e9rmino de la reuni\u00f3n de trabajo, ambos funcionarios realizaron un recorrido por las instalaciones deportivas como la pista de patinaje, atletismo, los gimnasios de fuerza, deportes de contacto, deporte de conjunto, piscina de nataci\u00f3n, Villa Juvenil \u201cAremi Fuentes Zavala\u201d y auditorio audiovisual \u201cDr. Belisario Dom\u00ednguez\u201d.<\/p>\n","protected":false},"excerpt":{"rendered":"<p>&nbsp; \u2022 Adona\u00ed S\u00e1nchez Osorio dio su respaldo para coordinar y unir esfuerzos en los&#8230;<\/p>\n","protected":false},"author":2,"featured_media":29877,"comment_status":"closed","ping_status":"closed","sticky":false,"template":"","format":"standard","meta":{"_joinchat":[],"footnotes":""},"categories":[18,1,2,3],"tags":[],"class_list":["post-29876","post","type-post","status-publish","format-standard","has-post-thumbnail","hentry","category-almomento","category-boletin","category-estado","category-health"],"_links":{"self":[{"href":"https:\/\/icoinformativo.mx\/home\/index.php?rest_route=\/wp\/v2\/posts\/29876","targetHints":{"allow":["GET"]}}],"collection":[{"href":"https:\/\/icoinformativo.mx\/home\/index.php?rest_route=\/wp\/v2\/posts"}],"about":[{"href":"https:\/\/icoinformativo.mx\/home\/index.php?rest_route=\/wp\/v2\/types\/post"}],"author":[{"embeddable":true,"href":"https:\/\/icoinformativo.mx\/home\/index.php?rest_route=\/wp\/v2\/users\/2"}],"replies":[{"embeddable":true,"href":"https:\/\/icoinformativo.mx\/home\/index.php?rest_route=%2Fwp%2Fv2%2Fcomments&post=29876"}],"version-history":[{"count":1,"href":"https:\/\/icoinformativo.mx\/home\/index.php?rest_route=\/wp\/v2\/posts\/29876\/revisions"}],"predecessor-version":[{"id":29878,"href":"https:\/\/icoinformativo.mx\/home\/index.php?rest_route=\/wp\/v2\/posts\/29876\/revisions\/29878"}],"wp:featuredmedia":[{"embeddable":true,"href":"https:\/\/icoinformativo.mx\/home\/index.php?rest_route=\/wp\/v2\/media\/29877"}],"wp:attachment":[{"href":"https:\/\/icoinformativo.mx\/home\/index.php?rest_route=%2Fwp%2Fv2%2Fmedia&parent=29876"}],"wp:term":[{"taxonomy":"category","embeddable":true,"href":"https:\/\/icoinformativo.mx\/home\/index.php?rest_route=%2Fwp%2Fv2%2Fcategories&post=29876"},{"taxonomy":"post_tag","embeddable":true,"href":"https:\/\/icoinformativo.mx\/home\/index.php?rest_route=%2Fwp%2Fv2%2Ftags&post=29876"}],"curies":[{"name":"wp","href":"https:\/\/api.w.org\/{rel}","templated":true}]}}