{"id":29873,"date":"2025-01-16T03:59:01","date_gmt":"2025-01-16T03:59:01","guid":{"rendered":"https:\/\/icoinformativo.mx\/home\/?p=29873"},"modified":"2025-01-16T03:59:01","modified_gmt":"2025-01-16T03:59:01","slug":"seinfra-y-unach-firman-convenio-de-colaboracion","status":"publish","type":"post","link":"https:\/\/icoinformativo.mx\/home\/?p=29873","title":{"rendered":"Seinfra y Unach firman convenio de colaboraci\u00f3n"},"content":{"rendered":"<p>&nbsp;<\/p>\n<p>Con el prop\u00f3sito de conjuntar esfuerzos en favor del impulso de oportunidades para las y los universitarios de la M\u00e1xima Casa de Estudios del estado, la titular de la Secretar\u00eda de Infraestructura Chiapas (Seinfra), Anakaren G\u00f3mez Zuart, firm\u00f3 convenio de colaboraci\u00f3n en materia de servicio social con el rector de la Universidad Aut\u00f3noma de Chiapas (Unach), Oswaldo Chac\u00f3n Rojas.<\/p>\n<p>&nbsp;<\/p>\n<p>En el acto alusivo al inicio del ciclo escolar enero-junio 2025 de la Facultad de Ingenier\u00eda de la Unach se sign\u00f3 esta alianza, donde G\u00f3mez Zuart ratific\u00f3 el compromiso de la Secretar\u00eda de Infraestructura para trabajar de manera conjunta con la Unach en el fortalecimiento de la educaci\u00f3n superior, tal como lo ha instruido el gobernador Eduardo Ram\u00edrez.<\/p>\n<p>&nbsp;<\/p>\n<p>G\u00f3mez Zuart asegur\u00f3 que es una convencida de que la educaci\u00f3n es transformadora y un aspecto fundamental en la formaci\u00f3n del ser humano, por lo que celebr\u00f3 que en esta Nueva ERA se trabaje intensamente y desde todas las instancias para que Chiapas sea un lugar donde todas y todos tengan la oportunidad de leer y escribir, a trav\u00e9s del programa de alfabetizaci\u00f3n \u201cChiapas Puede\u201d.<\/p>\n<p>&nbsp;<\/p>\n<p>La titular de Seinfra felicit\u00f3 a la Facultad de Ingenier\u00eda de la Unach por sus 60 a\u00f1os de vida, pr\u00f3ximos a celebrarse, destacando que de ella han egresado profesionistas que han realizado grandes aportes a la construcci\u00f3n de un mejor Chiapas, \u201cestoy segura que seguir\u00e1 siendo un semillero de talentos que aporten de gran manera a esta Nueva ERA de transformaci\u00f3n en nuestro estado\u201d, mencion\u00f3.<\/p>\n<p>&nbsp;<\/p>\n<p>Por su parte, Chac\u00f3n Rojas asever\u00f3 que este convenio permitir\u00e1 a los universitarios fortalecer su formaci\u00f3n, para que puedan enfrentar un futuro laboral con mayores herramientas adquiridas en el campo de trabajo. Agradeci\u00f3 a la titular de Seinfra por abrir las puertas de la dependencia a los unachenses a fin de que puedan contribuir con su talento y capacidades a la transformaci\u00f3n de Chiapas.<\/p>\n<p>&nbsp;<\/p>\n<p>Atestiguaron este convenio por parte de la Unach: la secretaria general, Mar\u00eda del Carmen V\u00e1zquez Velasco; la secretaria de Identidad y Responsabilidad Social Universitaria, M\u00f3nica Guill\u00e9n S\u00e1nchez; el encargado de la Direcci\u00f3n de la Facultad de Ingenier\u00eda, Jos\u00e9 Alberto Colmenares Guill\u00e9n; el secretario general del SPAUNACH, H\u00e9ctor de Le\u00f3n Gallegos; as\u00ed como la presidenta de la Comisi\u00f3n de Desarrollo Urbano y Obras P\u00fablicas del Congreso del Estado, Alejandra G\u00f3mez Mendoza.<\/p>\n","protected":false},"excerpt":{"rendered":"<p>&nbsp; Con el prop\u00f3sito de conjuntar esfuerzos en favor del impulso de oportunidades para las&#8230;<\/p>\n","protected":false},"author":2,"featured_media":29874,"comment_status":"closed","ping_status":"closed","sticky":false,"template":"","format":"standard","meta":{"_joinchat":[],"footnotes":""},"categories":[18,1,2,3],"tags":[],"class_list":["post-29873","post","type-post","status-publish","format-standard","has-post-thumbnail","hentry","category-almomento","category-boletin","category-estado","category-health"],"_links":{"self":[{"href":"https:\/\/icoinformativo.mx\/home\/index.php?rest_route=\/wp\/v2\/posts\/29873","targetHints":{"allow":["GET"]}}],"collection":[{"href":"https:\/\/icoinformativo.mx\/home\/index.php?rest_route=\/wp\/v2\/posts"}],"about":[{"href":"https:\/\/icoinformativo.mx\/home\/index.php?rest_route=\/wp\/v2\/types\/post"}],"author":[{"embeddable":true,"href":"https:\/\/icoinformativo.mx\/home\/index.php?rest_route=\/wp\/v2\/users\/2"}],"replies":[{"embeddable":true,"href":"https:\/\/icoinformativo.mx\/home\/index.php?rest_route=%2Fwp%2Fv2%2Fcomments&post=29873"}],"version-history":[{"count":1,"href":"https:\/\/icoinformativo.mx\/home\/index.php?rest_route=\/wp\/v2\/posts\/29873\/revisions"}],"predecessor-version":[{"id":29875,"href":"https:\/\/icoinformativo.mx\/home\/index.php?rest_route=\/wp\/v2\/posts\/29873\/revisions\/29875"}],"wp:featuredmedia":[{"embeddable":true,"href":"https:\/\/icoinformativo.mx\/home\/index.php?rest_route=\/wp\/v2\/media\/29874"}],"wp:attachment":[{"href":"https:\/\/icoinformativo.mx\/home\/index.php?rest_route=%2Fwp%2Fv2%2Fmedia&parent=29873"}],"wp:term":[{"taxonomy":"category","embeddable":true,"href":"https:\/\/icoinformativo.mx\/home\/index.php?rest_route=%2Fwp%2Fv2%2Fcategories&post=29873"},{"taxonomy":"post_tag","embeddable":true,"href":"https:\/\/icoinformativo.mx\/home\/index.php?rest_route=%2Fwp%2Fv2%2Ftags&post=29873"}],"curies":[{"name":"wp","href":"https:\/\/api.w.org\/{rel}","templated":true}]}}