{"id":29870,"date":"2025-01-16T03:56:26","date_gmt":"2025-01-16T03:56:26","guid":{"rendered":"https:\/\/icoinformativo.mx\/home\/?p=29870"},"modified":"2025-01-16T03:56:26","modified_gmt":"2025-01-16T03:56:26","slug":"en-la-nueva-era-de-la-salud-se-garantiza-el-acceso-a-los-servicios-en-las-comunidades-indigenas-mas-alejadas","status":"publish","type":"post","link":"https:\/\/icoinformativo.mx\/home\/?p=29870","title":{"rendered":"En la Nueva ERA de la salud, se garantiza el acceso a los servicios en las comunidades ind\u00edgenas m\u00e1s alejadas\u00a0"},"content":{"rendered":"<p>&nbsp;<\/p>\n<p>\u2022 El secretario de Salud del estado, Omar G\u00f3mez Cruz, despleg\u00f3 una serie de acciones preventivas y de control para evitar da\u00f1os en la comunidad La Realidad-Trinidad del municipio de Las Margaritas<\/p>\n<p>\u2022 Del 13 al 16 de enero se acercar\u00e1n los servicios de atenci\u00f3n m\u00e9dica, salud p\u00fablica y regulaci\u00f3n sanitaria<\/p>\n<p>&nbsp;<\/p>\n<p>Las Margaritas, Chiapas; 14 de enero de 2025.- \u201cTodas y todos deben tener acceso a la salud, por eso hoy estamos cerrando las brechas para que tambi\u00e9n los pueblos ind\u00edgenas gocen de este derecho, trabajando desde el territorio, a ras de suelo, visitando los rincones m\u00e1s alejados y de dif\u00edcil acceso\u201d, expres\u00f3 el secretario de Salud del estado, Omar G\u00f3mez Cruz, al poner en marcha el Plan integral de vigilancia, prevenci\u00f3n, control de da\u00f1os y riesgos a la salud en la comunidad La Realidad-Trinidad del municipio de las Margaritas, uno de los principales bastiones zapatistas.<\/p>\n<p>&nbsp;<\/p>\n<p>El encargado de la pol\u00edtica sanitaria destac\u00f3 que esta comunidad ind\u00edgena es una de las m\u00e1s alejadas de la entidad, que s\u00f3lo cuenta con los servicios b\u00e1sicos debido a que por ser basti\u00f3n zapatista no permiten el acceso; por ello, es un gran logro de este gobierno que los habitantes hayan aceptado que la Secretar\u00eda de Salud del estado ofertara los servicios de atenci\u00f3n m\u00e9dica, salud p\u00fablica, planeaci\u00f3n y regulaci\u00f3n sanitaria.<\/p>\n<p>&nbsp;<\/p>\n<p>G\u00f3mez Cruz resalt\u00f3 que una de las pol\u00edticas p\u00fablicas en la agenda del gobernador del estado, Eduardo Ram\u00edrez Aguilar, es consolidar el sistema sanitario para brindar servicios de calidad en cada rinc\u00f3n del estado, hasta los lugares m\u00e1s alejados. Mencion\u00f3 que la Secretar\u00eda de Salud tiene la encomienda de trabajar bajo nuevos mecanismos que permitan que la poblaci\u00f3n goce de una nueva realidad en salud, sobre todo para los que menos tienen.<\/p>\n<p>&nbsp;<\/p>\n<p>G\u00f3mez Cruz detall\u00f3 que del 13 al 16 de enero se desplegar\u00e1n acciones de prevenci\u00f3n, control, manejo y tratamiento del dengue, enfermedades diarreicas agudas, infecciones respiratorias agudas y zoonosis, adem\u00e1s de la detecci\u00f3n oportuna de las enfermedades cr\u00f3nico-degenerativas como la diabetes mellitus e hipertensi\u00f3n y c\u00e1ncer cervicouterino y de mama, la b\u00fasqueda de embarazadas y mujeres en edad f\u00e9rtil para promover el uso de m\u00e9todos de planificaci\u00f3n familiar y vacunaci\u00f3n; siendo tambi\u00e9n beneficiadas las comunidades de Guadalupe Tepeyac, Benito Ju\u00e1rez y Santa Rita.<\/p>\n<p>&nbsp;<\/p>\n<p>En estas comunidades ind\u00edgenas, respetando sus usos y costumbres, tambi\u00e9n se hizo entrega de maletines para la atenci\u00f3n de parto y constancias de curso de capacitaci\u00f3n a las parteras tradicionales.<\/p>\n<p>Por su parte, el agente municipal, C\u00e9sar Jim\u00e9nez Jim\u00e9nez, agradeci\u00f3 al Gobierno del Estado y a la Secretar\u00eda de Salud que hayan tomado en cuenta a la poblaci\u00f3n de esta regi\u00f3n. \u201cHoy es un d\u00eda muy feliz, un d\u00eda donde nuestros corazones se encuentran llenos de alegr\u00eda porque se empieza un nuevo camino, en donde los pueblos ind\u00edgenas vamos a tener acceso a la salud\u201d, dijo.<\/p>\n<p>&nbsp;<\/p>\n<p>En el evento estuvieron presentes la diputada por el Distrito II Las Margaritas, Rosario del Carmen Moreno Villatoro; el director de Salud P\u00fablica, Orlando Garc\u00eda Morales; el jefe de la Jurisdicci\u00f3n Sanitaria III, Rolando Ram\u00edrez Pinto; el coordinador regional de IMSS Bienestar, Jos\u00e9 Mart\u00edn S\u00e1ntiz; el agente municipal de El Caracolito, Jos\u00e9 Dilmar L\u00f3pez Morales; y el coordinador regional de La Realidad-Trinidad, Carmelino Rodr\u00edguez Jim\u00e9nez.<\/p>\n","protected":false},"excerpt":{"rendered":"<p>&nbsp; \u2022 El secretario de Salud del estado, Omar G\u00f3mez Cruz, despleg\u00f3 una serie de&#8230;<\/p>\n","protected":false},"author":2,"featured_media":29871,"comment_status":"closed","ping_status":"closed","sticky":false,"template":"","format":"standard","meta":{"_joinchat":[],"footnotes":""},"categories":[18,1,2,3],"tags":[],"class_list":["post-29870","post","type-post","status-publish","format-standard","has-post-thumbnail","hentry","category-almomento","category-boletin","category-estado","category-health"],"_links":{"self":[{"href":"https:\/\/icoinformativo.mx\/home\/index.php?rest_route=\/wp\/v2\/posts\/29870","targetHints":{"allow":["GET"]}}],"collection":[{"href":"https:\/\/icoinformativo.mx\/home\/index.php?rest_route=\/wp\/v2\/posts"}],"about":[{"href":"https:\/\/icoinformativo.mx\/home\/index.php?rest_route=\/wp\/v2\/types\/post"}],"author":[{"embeddable":true,"href":"https:\/\/icoinformativo.mx\/home\/index.php?rest_route=\/wp\/v2\/users\/2"}],"replies":[{"embeddable":true,"href":"https:\/\/icoinformativo.mx\/home\/index.php?rest_route=%2Fwp%2Fv2%2Fcomments&post=29870"}],"version-history":[{"count":1,"href":"https:\/\/icoinformativo.mx\/home\/index.php?rest_route=\/wp\/v2\/posts\/29870\/revisions"}],"predecessor-version":[{"id":29872,"href":"https:\/\/icoinformativo.mx\/home\/index.php?rest_route=\/wp\/v2\/posts\/29870\/revisions\/29872"}],"wp:featuredmedia":[{"embeddable":true,"href":"https:\/\/icoinformativo.mx\/home\/index.php?rest_route=\/wp\/v2\/media\/29871"}],"wp:attachment":[{"href":"https:\/\/icoinformativo.mx\/home\/index.php?rest_route=%2Fwp%2Fv2%2Fmedia&parent=29870"}],"wp:term":[{"taxonomy":"category","embeddable":true,"href":"https:\/\/icoinformativo.mx\/home\/index.php?rest_route=%2Fwp%2Fv2%2Fcategories&post=29870"},{"taxonomy":"post_tag","embeddable":true,"href":"https:\/\/icoinformativo.mx\/home\/index.php?rest_route=%2Fwp%2Fv2%2Ftags&post=29870"}],"curies":[{"name":"wp","href":"https:\/\/api.w.org\/{rel}","templated":true}]}}