{"id":29861,"date":"2025-01-15T03:51:28","date_gmt":"2025-01-15T03:51:28","guid":{"rendered":"https:\/\/icoinformativo.mx\/home\/?p=29861"},"modified":"2025-01-15T03:51:28","modified_gmt":"2025-01-15T03:51:28","slug":"en-pichucalco-capacitacion-en-educacion-vial-y-manejo-a-la-defensiva-para-motociclistas","status":"publish","type":"post","link":"https:\/\/icoinformativo.mx\/home\/?p=29861","title":{"rendered":"En Pichucalco, Capacitaci\u00f3n en Educaci\u00f3n Vial y Manejo a la Defensiva para Motociclistas"},"content":{"rendered":"<p>&nbsp;<\/p>\n<p>El Gobierno Municipal, presidido por el Mtro. Andres Carballo Cordova a trav\u00e9s de la Instancia Municipal para el Empoderamiento de la Mujer (INDEM), la Coordinaci\u00f3n de Tr\u00e1nsito y Vialidad, y el Lic. Jos\u00e9 Ram\u00f3n L\u00f3pez \u00c1lvarez, delegado de ICATECH, ha llevado a cabo un curso integral de educaci\u00f3n vial y manejo a la defensiva dirigido a motociclistas del municipio.<\/p>\n<p>Este curso, impartido por el inspector Francisco Urbina, delegado regional del Tr\u00e1nsito Estatal, tiene como objetivo principal capacitar a los mas de 600 motociclistas, elevando sus habilidades y conocimientos para promover una conducci\u00f3n segura y responsable. Con esta iniciativa se busca reducir la tasa de accidentes, mejorar la calidad del entorno vial y fomentar el respeto por las normas de tr\u00e1nsito.<\/p>\n<p>Durante la clausura del evento, el Mtro. Andr\u00e9s Carballo subray\u00f3 la importancia de este tipo de capacitaciones para crear conciencia entre los ciudadanos sobre la relevancia de conducir de manera responsable. Adem\u00e1s, destac\u00f3 que estas acciones son esenciales para el cambio positivo y el bienestar de la comunidad.<\/p>\n<p>El curso forma parte de una serie de esfuerzos continuos por parte del gobierno municipal para mejorar la seguridad vial y garantizar un ambiente m\u00e1s seguro para todos los habitantes.<\/p>\n<p>Acciones que Contribuyen al Cambio.<\/p>\n","protected":false},"excerpt":{"rendered":"<p>&nbsp; El Gobierno Municipal, presidido por el Mtro. Andres Carballo Cordova a trav\u00e9s de la&#8230;<\/p>\n","protected":false},"author":2,"featured_media":29862,"comment_status":"closed","ping_status":"closed","sticky":false,"template":"","format":"standard","meta":{"_joinchat":[],"footnotes":""},"categories":[18,1,2,3],"tags":[],"class_list":["post-29861","post","type-post","status-publish","format-standard","has-post-thumbnail","hentry","category-almomento","category-boletin","category-estado","category-health"],"_links":{"self":[{"href":"https:\/\/icoinformativo.mx\/home\/index.php?rest_route=\/wp\/v2\/posts\/29861","targetHints":{"allow":["GET"]}}],"collection":[{"href":"https:\/\/icoinformativo.mx\/home\/index.php?rest_route=\/wp\/v2\/posts"}],"about":[{"href":"https:\/\/icoinformativo.mx\/home\/index.php?rest_route=\/wp\/v2\/types\/post"}],"author":[{"embeddable":true,"href":"https:\/\/icoinformativo.mx\/home\/index.php?rest_route=\/wp\/v2\/users\/2"}],"replies":[{"embeddable":true,"href":"https:\/\/icoinformativo.mx\/home\/index.php?rest_route=%2Fwp%2Fv2%2Fcomments&post=29861"}],"version-history":[{"count":1,"href":"https:\/\/icoinformativo.mx\/home\/index.php?rest_route=\/wp\/v2\/posts\/29861\/revisions"}],"predecessor-version":[{"id":29863,"href":"https:\/\/icoinformativo.mx\/home\/index.php?rest_route=\/wp\/v2\/posts\/29861\/revisions\/29863"}],"wp:featuredmedia":[{"embeddable":true,"href":"https:\/\/icoinformativo.mx\/home\/index.php?rest_route=\/wp\/v2\/media\/29862"}],"wp:attachment":[{"href":"https:\/\/icoinformativo.mx\/home\/index.php?rest_route=%2Fwp%2Fv2%2Fmedia&parent=29861"}],"wp:term":[{"taxonomy":"category","embeddable":true,"href":"https:\/\/icoinformativo.mx\/home\/index.php?rest_route=%2Fwp%2Fv2%2Fcategories&post=29861"},{"taxonomy":"post_tag","embeddable":true,"href":"https:\/\/icoinformativo.mx\/home\/index.php?rest_route=%2Fwp%2Fv2%2Ftags&post=29861"}],"curies":[{"name":"wp","href":"https:\/\/api.w.org\/{rel}","templated":true}]}}