{"id":29858,"date":"2025-01-15T03:43:52","date_gmt":"2025-01-15T03:43:52","guid":{"rendered":"https:\/\/icoinformativo.mx\/home\/?p=29858"},"modified":"2025-01-15T03:43:52","modified_gmt":"2025-01-15T03:43:52","slug":"celebra-gobierno-de-reforma-chiapas-2024-2027-142-anos-de-historia-y-tradicion","status":"publish","type":"post","link":"https:\/\/icoinformativo.mx\/home\/?p=29858","title":{"rendered":"Celebra Gobierno de Reforma, Chiapas 2024-2027 142 a\u00f1os de historia y tradici\u00f3n."},"content":{"rendered":"<p>&nbsp;<\/p>\n<p>El gobierno municipal que preside Pedro Ramirez, conmemor\u00f3 el 142 aniversario de la fundaci\u00f3n del municipio de Reforma con un emotivo festival cultural.<\/p>\n<p>&nbsp;<\/p>\n<p>Durante el evento, se record\u00f3 el crecimiento y desarrollo que han marcado la historia, reconociendo a las familias originarias que sentaron las bases de lo que hoy es Reforma.<\/p>\n<p>&nbsp;<\/p>\n<p>As\u00ed como de reconocer la invaluable labor del historiador municipal, Rosemberg Lopez Villarreal, quien ha mantenido viva en la memoria colectiva a trav\u00e9s de fotograf\u00edas, escritos y relatos que preservan el legado.<\/p>\n<p>&nbsp;<\/p>\n<p>As\u00ed como tambi\u00e9n reconocer el trabajo art\u00edstico del Ballet Folkl\u00f3rico independiente Cultura y tradici\u00f3n del Santuario, el Ballet Folkl\u00f3rico Reforma, la casa de la cultura poeta Jaime Sabines y la participaci\u00f3n especial de Ivanna Itzel Gonz\u00e1lez D\u00edaz y Emmy Villamil Jim\u00e9nez.<\/p>\n<p>&nbsp;<\/p>\n<p>\u00a1Sigamos celebrando con orgullo nuestra identidad y el futuro que juntos construimos!<\/p>\n","protected":false},"excerpt":{"rendered":"<p>&nbsp; El gobierno municipal que preside Pedro Ramirez, conmemor\u00f3 el 142 aniversario de la fundaci\u00f3n&#8230;<\/p>\n","protected":false},"author":2,"featured_media":29859,"comment_status":"closed","ping_status":"closed","sticky":false,"template":"","format":"standard","meta":{"_joinchat":[],"footnotes":""},"categories":[18,1,2,3],"tags":[],"class_list":["post-29858","post","type-post","status-publish","format-standard","has-post-thumbnail","hentry","category-almomento","category-boletin","category-estado","category-health"],"_links":{"self":[{"href":"https:\/\/icoinformativo.mx\/home\/index.php?rest_route=\/wp\/v2\/posts\/29858","targetHints":{"allow":["GET"]}}],"collection":[{"href":"https:\/\/icoinformativo.mx\/home\/index.php?rest_route=\/wp\/v2\/posts"}],"about":[{"href":"https:\/\/icoinformativo.mx\/home\/index.php?rest_route=\/wp\/v2\/types\/post"}],"author":[{"embeddable":true,"href":"https:\/\/icoinformativo.mx\/home\/index.php?rest_route=\/wp\/v2\/users\/2"}],"replies":[{"embeddable":true,"href":"https:\/\/icoinformativo.mx\/home\/index.php?rest_route=%2Fwp%2Fv2%2Fcomments&post=29858"}],"version-history":[{"count":1,"href":"https:\/\/icoinformativo.mx\/home\/index.php?rest_route=\/wp\/v2\/posts\/29858\/revisions"}],"predecessor-version":[{"id":29860,"href":"https:\/\/icoinformativo.mx\/home\/index.php?rest_route=\/wp\/v2\/posts\/29858\/revisions\/29860"}],"wp:featuredmedia":[{"embeddable":true,"href":"https:\/\/icoinformativo.mx\/home\/index.php?rest_route=\/wp\/v2\/media\/29859"}],"wp:attachment":[{"href":"https:\/\/icoinformativo.mx\/home\/index.php?rest_route=%2Fwp%2Fv2%2Fmedia&parent=29858"}],"wp:term":[{"taxonomy":"category","embeddable":true,"href":"https:\/\/icoinformativo.mx\/home\/index.php?rest_route=%2Fwp%2Fv2%2Fcategories&post=29858"},{"taxonomy":"post_tag","embeddable":true,"href":"https:\/\/icoinformativo.mx\/home\/index.php?rest_route=%2Fwp%2Fv2%2Ftags&post=29858"}],"curies":[{"name":"wp","href":"https:\/\/api.w.org\/{rel}","templated":true}]}}