{"id":29855,"date":"2025-01-15T03:40:02","date_gmt":"2025-01-15T03:40:02","guid":{"rendered":"https:\/\/icoinformativo.mx\/home\/?p=29855"},"modified":"2025-01-15T03:40:02","modified_gmt":"2025-01-15T03:40:02","slug":"arranca-eduardo-ramirez-eje-de-infraestructura-educativa-con-inicio-de-obras-en-escuelas-de-comitan","status":"publish","type":"post","link":"https:\/\/icoinformativo.mx\/home\/?p=29855","title":{"rendered":"*Arranca Eduardo Ram\u00edrez eje de Infraestructura Educativa con inicio de obras en escuelas de Comit\u00e1n*"},"content":{"rendered":"<p>&nbsp;<\/p>\n<p>En Comit\u00e1n de Dom\u00ednguez, el gobernador Eduardo Ram\u00edrez Aguilar dio inicio al eje de Infraestructura Educativa en Chiapas, con el arranque de obras en las Escuelas Secundarias del Estado \u00abComit\u00e1n\u00bb y \u00abJosefina Garc\u00eda\u00bb, que comparten instalaciones, as\u00ed como en la Escuela Preparatoria \u201cComit\u00e1n\u201d. Estas acciones tienen el objetivo de garantizar espacios dignos y de calidad a la comunidad escolar.<\/p>\n<p>&nbsp;<\/p>\n<p>\u00abTengo una agenda de trabajo muy apretada, pero quiero ayudar mucho a la tierra que me vio nacer y crecer. Quer\u00eda empezar donde la vida me dio las primeras luces educativas, cumplir con el compromiso y nuestra conciencia de regresarle lo mucho que la educaci\u00f3n p\u00fablica me ha dado. Quiero trabajar todos los d\u00edas para que ni un solo joven se quede sin estudiar\u00bb, expres\u00f3.<\/p>\n<p>&nbsp;<\/p>\n<p>Tras comprometerse a renovar el mobiliario de estas escuelas secundarias, el mandatario reconoci\u00f3 a las maestras y los maestros por toda la labor que han hecho por la ni\u00f1ez y juventud de Chiapas. Asimismo, exhort\u00f3 a las y los estudiantes a valorar a sus madres y padres, y estudiar para ser mejores seres humanos, pues ser\u00e1n los l\u00edderes que llevar\u00e1n a M\u00e9xico a ser un mejor pa\u00eds.<\/p>\n<p>&nbsp;<\/p>\n<p>Ram\u00edrez Aguilar enfatiz\u00f3 que las y los j\u00f3venes son parte esencial del Programa de Alfabetizaci\u00f3n \u201cChiapas Puede\u201d, y que su apoyo ser\u00e1 fundamental para acabar con el analfabetismo. \u00abQuiero que cuando volteen al pasado y pregunten qu\u00e9 hicieron las y los comitecos a favor de Comit\u00e1n y cu\u00e1l fue el legado que dejaron a Chiapas, digan que fortalecieron la educaci\u00f3n y salimos del analfabetismo. Este cap\u00edtulo quiero escribirlo con ustedes\u201d, agreg\u00f3.<\/p>\n<p>&nbsp;<\/p>\n<p>En este marco, el gobernador tambi\u00e9n agradeci\u00f3 a sus maestras y maestros por sus ense\u00f1anzas y por despertarle la pasi\u00f3n por la filosof\u00eda, el derecho y otras materias, como Antonio Granados, Ra\u00fal Molina, Ad\u00e1n Figueroa, Roberto Gordillo, Juan Manuel Gonz\u00e1lez, Hermilo Vives, entre otros, a quienes les reconoci\u00f3 la vocaci\u00f3n de adentrarse en los pensamientos y corazones de sus estudiantes.<\/p>\n<p>&nbsp;<\/p>\n<p>Indic\u00f3 que tiene el inter\u00e9s genuino de construir m\u00e1s espacios educativos, por ello, pidi\u00f3 al alcalde de Comit\u00e1n el apoyo para ver la posibilidad de un terreno para construir m\u00e1s espacios de bachillerato, porque eso representa mayores oportunidades, ante el establecimiento del plantel de la Universidad Nacional Rosario Castellanos.<\/p>\n<p>&nbsp;<\/p>\n<p>En otro momento, apunt\u00f3 que de las 24 horas del d\u00eda, 18 se las dedica a la seguridad y el combate a la delincuencia, la extorsi\u00f3n, el derecho de piso y el asalto en carreteras, con el objetivo de que en 100 d\u00edas Chiapas tenga otro rostro, en seis meses sea una entidad pac\u00edfica y en un a\u00f1o poder decir que es el estado m\u00e1s seguro para vivir.<\/p>\n<p>&nbsp;<\/p>\n<p>El director general del Instituto de la Infraestructura F\u00edsica Educativa (Inifech), Carlos Ildelfonso Jim\u00e9nez Trujillo, inform\u00f3 que para garantizar que las y los mil 242 estudiantes y 57 docentes de estas secundarias, tengan condiciones dignas para estudiar y trabajar, se destinar\u00e1 una inversi\u00f3n de m\u00e1s de 7 millones 547 mil pesos para construir cinco aulas did\u00e1cticas y techado de cancha de usos m\u00faltiples, as\u00ed como obras de exterior consistentes en andadores, red el\u00e9ctrica y se\u00f1alizaci\u00f3n.<\/p>\n<p>&nbsp;<\/p>\n<p>Respecto a las acciones que se realizar\u00e1n en la escuela preparatoria, el titular del Inifech detall\u00f3 que, en una primera etapa, se llevar\u00e1 a cabo la construcci\u00f3n de tres aulas did\u00e1cticas, un laboratorio polifuncional, el techado con cancha de usos m\u00faltiples y obra exterior consistente en andadores, red el\u00e9ctrica, se\u00f1alizaci\u00f3n y cisternas, con una inversi\u00f3n de 11 millones 55 mil 261 pesos con 68 centavos, en beneficio de m\u00e1s de mil 750 estudiantes.<\/p>\n<p>&nbsp;<\/p>\n<p>El presidente municipal de Comit\u00e1n, Mario Antonio Guill\u00e9n Dom\u00ednguez, resalt\u00f3 el compromiso del gobernador, quien se form\u00f3 acad\u00e9micamente en estas instituciones, y celebr\u00f3 su regreso para atender las necesidades del municipio.<\/p>\n<p>&nbsp;<\/p>\n<p>Francisco Javier Rodr\u00edguez Irecta, director de la Secundaria del Estado \u201cComit\u00e1n\u201d, y Alejandra Tovar Torres, subdirectora acad\u00e9mica de la Preparatoria \u201cComit\u00e1n\u201d, turno matutino, reconocieron el inter\u00e9s del gobernador en mejorar las condiciones educativas. Asimismo, en representaci\u00f3n del alumnado, Zo\u00e9 Mal\u00e9n Coronel G\u00f3mez, de la Escuela Secundaria \u201cJosefina Garc\u00eda\u201d, y Paula Sof\u00eda Urbieta Penagos, de la Escuela Preparatoria Comit\u00e1n, agradecieron las acciones que fortalecer\u00e1n la educaci\u00f3n y la seguridad en el municipio.<\/p>\n<p>&nbsp;<\/p>\n<p>Estuvieron presentes: el jefe de la Oficina de Gubernatura, Fernando Berm\u00fadez Velasco; el secretario de Seguridad del Pueblo, \u00d3scar Alberto Aparicio Avenda\u00f1o; el fiscal general del Estado, Jorge Luis Llaven Abarca; el presidente de la Mesa Directiva del Congreso del Estado, Luis Ignacio Avenda\u00f1o Berm\u00fadez; y el diputado local del Distrito X de La Trinitaria, Ervin Leonel P\u00e9rez Alfaro.<\/p>\n<p>&nbsp;<\/p>\n<p>Asimismo, el director de la Escuela Secundaria \u201cJosefina Garc\u00eda\u201d, Jos\u00e9 Luis Arg\u00fcello Gordillo; el alumno del tercer grado Grupo \u201cE\u201d y ganador del Premio Estatal de la Juventud, Yeudiel Alejandro Cabrera Bustillo; el director de la Escuela Preparatoria \u201cComit\u00e1n\u201d, turno vespertino, Luis Antonio Aguilar Mac\u00edas; la alumna del sexto semestre de la Escuela Preparatoria \u201cComit\u00e1n\u201d, turno matutino, Elisa Graciela L\u00f3pez Dom\u00ednguez, adem\u00e1s de personal docente y administrativo de estas instituciones educativas.<\/p>\n","protected":false},"excerpt":{"rendered":"<p>&nbsp; En Comit\u00e1n de Dom\u00ednguez, el gobernador Eduardo Ram\u00edrez Aguilar dio inicio al eje de&#8230;<\/p>\n","protected":false},"author":2,"featured_media":29856,"comment_status":"closed","ping_status":"closed","sticky":false,"template":"","format":"standard","meta":{"_joinchat":[],"footnotes":""},"categories":[18,1,2,3],"tags":[],"class_list":["post-29855","post","type-post","status-publish","format-standard","has-post-thumbnail","hentry","category-almomento","category-boletin","category-estado","category-health"],"_links":{"self":[{"href":"https:\/\/icoinformativo.mx\/home\/index.php?rest_route=\/wp\/v2\/posts\/29855","targetHints":{"allow":["GET"]}}],"collection":[{"href":"https:\/\/icoinformativo.mx\/home\/index.php?rest_route=\/wp\/v2\/posts"}],"about":[{"href":"https:\/\/icoinformativo.mx\/home\/index.php?rest_route=\/wp\/v2\/types\/post"}],"author":[{"embeddable":true,"href":"https:\/\/icoinformativo.mx\/home\/index.php?rest_route=\/wp\/v2\/users\/2"}],"replies":[{"embeddable":true,"href":"https:\/\/icoinformativo.mx\/home\/index.php?rest_route=%2Fwp%2Fv2%2Fcomments&post=29855"}],"version-history":[{"count":1,"href":"https:\/\/icoinformativo.mx\/home\/index.php?rest_route=\/wp\/v2\/posts\/29855\/revisions"}],"predecessor-version":[{"id":29857,"href":"https:\/\/icoinformativo.mx\/home\/index.php?rest_route=\/wp\/v2\/posts\/29855\/revisions\/29857"}],"wp:featuredmedia":[{"embeddable":true,"href":"https:\/\/icoinformativo.mx\/home\/index.php?rest_route=\/wp\/v2\/media\/29856"}],"wp:attachment":[{"href":"https:\/\/icoinformativo.mx\/home\/index.php?rest_route=%2Fwp%2Fv2%2Fmedia&parent=29855"}],"wp:term":[{"taxonomy":"category","embeddable":true,"href":"https:\/\/icoinformativo.mx\/home\/index.php?rest_route=%2Fwp%2Fv2%2Fcategories&post=29855"},{"taxonomy":"post_tag","embeddable":true,"href":"https:\/\/icoinformativo.mx\/home\/index.php?rest_route=%2Fwp%2Fv2%2Ftags&post=29855"}],"curies":[{"name":"wp","href":"https:\/\/api.w.org\/{rel}","templated":true}]}}