{"id":29852,"date":"2025-01-15T03:34:58","date_gmt":"2025-01-15T03:34:58","guid":{"rendered":"https:\/\/icoinformativo.mx\/home\/?p=29852"},"modified":"2025-01-15T03:34:58","modified_gmt":"2025-01-15T03:34:58","slug":"en-pantepec-se-busca-apoyar-con-mas-y-mejores-acciones-proyectos-a-los-caficultores","status":"publish","type":"post","link":"https:\/\/icoinformativo.mx\/home\/?p=29852","title":{"rendered":"En Pantepec se busca apoyar con m\u00e1s y mejores acciones &#8211; proyectos a los caficultores"},"content":{"rendered":"<p>&nbsp;<\/p>\n<p>Al continuar sus diversas actividades en la capital del estado el presidente municipal Osmar Velasco Garcia visito las instalaciones del Instituto del Caf\u00e9 de Chiapas donde busca m\u00e1s y mejores acciones que contribuyan al beneficio de los caficultores del su municipio.<\/p>\n<p>&nbsp;<\/p>\n<p>Ah\u00ed el alcalde Osmar Velasco Garc\u00eda sostuvo una reuni\u00f3n de trabajo con el director de industrializaci\u00f3n y comercializaci\u00f3n David Garcia Urbina y el director de producci\u00f3n y mejoramiento Javier Velasco Zenteno donde coincidieron sumar esfuerzos conjuntos para que a los productores de caf\u00e9 de Pantepec llegue la nueva ERA, impulsando y fortaleciendo las acciones de beneficio colectivo.<\/p>\n<p>&nbsp;<\/p>\n<p>Ah\u00ed el edil Velasco Garcia, sostuvo que, estamos trabajando hombro con hombro con las dependencias de gobierno estatal para llevar proyectos que nos permitan impulsar el progreso del municipio.<\/p>\n<p>&nbsp;<\/p>\n<p>En esta reuni\u00f3n se trataron temas prioritarios en materia del Caf\u00e9.<\/p>\n<p>&nbsp;<\/p>\n<p>Por su parte los directores de las \u00e1reas del Instituto del Caf\u00e9 Chiapas sostuvieron que, a como lo ha dicho el gobernador Eduardo Ram\u00edrez Aguilar, estamos trabajando en favor y en beneficio de las chiapanecas y chiapanecos.<\/p>\n<p>&nbsp;<\/p>\n","protected":false},"excerpt":{"rendered":"<p>&nbsp; Al continuar sus diversas actividades en la capital del estado el presidente municipal Osmar&#8230;<\/p>\n","protected":false},"author":2,"featured_media":29853,"comment_status":"closed","ping_status":"closed","sticky":false,"template":"","format":"standard","meta":{"_joinchat":[],"footnotes":""},"categories":[1,2,3],"tags":[],"class_list":["post-29852","post","type-post","status-publish","format-standard","has-post-thumbnail","hentry","category-boletin","category-estado","category-health"],"_links":{"self":[{"href":"https:\/\/icoinformativo.mx\/home\/index.php?rest_route=\/wp\/v2\/posts\/29852","targetHints":{"allow":["GET"]}}],"collection":[{"href":"https:\/\/icoinformativo.mx\/home\/index.php?rest_route=\/wp\/v2\/posts"}],"about":[{"href":"https:\/\/icoinformativo.mx\/home\/index.php?rest_route=\/wp\/v2\/types\/post"}],"author":[{"embeddable":true,"href":"https:\/\/icoinformativo.mx\/home\/index.php?rest_route=\/wp\/v2\/users\/2"}],"replies":[{"embeddable":true,"href":"https:\/\/icoinformativo.mx\/home\/index.php?rest_route=%2Fwp%2Fv2%2Fcomments&post=29852"}],"version-history":[{"count":1,"href":"https:\/\/icoinformativo.mx\/home\/index.php?rest_route=\/wp\/v2\/posts\/29852\/revisions"}],"predecessor-version":[{"id":29854,"href":"https:\/\/icoinformativo.mx\/home\/index.php?rest_route=\/wp\/v2\/posts\/29852\/revisions\/29854"}],"wp:featuredmedia":[{"embeddable":true,"href":"https:\/\/icoinformativo.mx\/home\/index.php?rest_route=\/wp\/v2\/media\/29853"}],"wp:attachment":[{"href":"https:\/\/icoinformativo.mx\/home\/index.php?rest_route=%2Fwp%2Fv2%2Fmedia&parent=29852"}],"wp:term":[{"taxonomy":"category","embeddable":true,"href":"https:\/\/icoinformativo.mx\/home\/index.php?rest_route=%2Fwp%2Fv2%2Fcategories&post=29852"},{"taxonomy":"post_tag","embeddable":true,"href":"https:\/\/icoinformativo.mx\/home\/index.php?rest_route=%2Fwp%2Fv2%2Ftags&post=29852"}],"curies":[{"name":"wp","href":"https:\/\/api.w.org\/{rel}","templated":true}]}}