{"id":29846,"date":"2025-01-15T03:22:05","date_gmt":"2025-01-15T03:22:05","guid":{"rendered":"https:\/\/icoinformativo.mx\/home\/?p=29846"},"modified":"2025-01-15T03:22:05","modified_gmt":"2025-01-15T03:22:05","slug":"instalacion-del-consejo-municipal-de-proteccion-civil-en-pichucalco","status":"publish","type":"post","link":"https:\/\/icoinformativo.mx\/home\/?p=29846","title":{"rendered":"Instalaci\u00f3n del Consejo Municipal de Protecci\u00f3n Civil en Pichucalco\u00a0"},"content":{"rendered":"<p>&nbsp;<\/p>\n<p>El gobierno municipal instal\u00f3 el Consejo Municipal de Protecci\u00f3n Civil para coordinar las acciones de prevenci\u00f3n y gesti\u00f3n integral de riesgos en colaboraci\u00f3n con el Sistema Estatal de Protecci\u00f3n Civil. Durante el evento, se tom\u00f3 protesta a los integrantes del consejo y a las comisiones, con el objetivo de fortalecer la coordinaci\u00f3n interinstitucional y mejorar la atenci\u00f3n de emergencias, as\u00ed como la prevenci\u00f3n y reducci\u00f3n de riesgos de desastres.<\/p>\n<p>&nbsp;<\/p>\n<p>El evento cont\u00f3 con la participaci\u00f3n, del secretario municipal Lic. V\u00edctor Hugo Ru\u00edz Casanova en representaci\u00f3n del presidente Andr\u00e9s Carballo C\u00f3rdova, la sindico Municipal y regidores del cabildo, directores de diversas \u00e1reas del Ayuntamiento y representantes de varias entidades, incluyendo el Subsecretario de Gobierno y Mediaci\u00f3n de la Zona Norte, el Delegado de Protecci\u00f3n Civil del Gobierno del Estado, el titular de la Jurisdicci\u00f3n Sanitaria No. 5, la Guardia Nacional, el Sistema Chiapaneco de Radio y Televisi\u00f3n y el IMSS-Bienestar.<\/p>\n<p>&nbsp;<\/p>\n<p>El Alcalde, Mtro. Andr\u00e9s Carballo C\u00f3rdova, siguiendo las pol\u00edticas p\u00fablicas del Gobernador del estado de Chiapas, reafirma su compromiso de salvaguardar la integridad de las y los Pichucalque\u00f1os.<\/p>\n<p>&nbsp;<\/p>\n<p>La Protecci\u00f3n Civil la Hacemos Todos<\/p>\n","protected":false},"excerpt":{"rendered":"<p>&nbsp; El gobierno municipal instal\u00f3 el Consejo Municipal de Protecci\u00f3n Civil para coordinar las acciones&#8230;<\/p>\n","protected":false},"author":2,"featured_media":29847,"comment_status":"closed","ping_status":"closed","sticky":false,"template":"","format":"standard","meta":{"_joinchat":[],"footnotes":""},"categories":[1,2,3,4],"tags":[],"class_list":["post-29846","post","type-post","status-publish","format-standard","has-post-thumbnail","hentry","category-boletin","category-estado","category-health","category-pichucalco"],"_links":{"self":[{"href":"https:\/\/icoinformativo.mx\/home\/index.php?rest_route=\/wp\/v2\/posts\/29846","targetHints":{"allow":["GET"]}}],"collection":[{"href":"https:\/\/icoinformativo.mx\/home\/index.php?rest_route=\/wp\/v2\/posts"}],"about":[{"href":"https:\/\/icoinformativo.mx\/home\/index.php?rest_route=\/wp\/v2\/types\/post"}],"author":[{"embeddable":true,"href":"https:\/\/icoinformativo.mx\/home\/index.php?rest_route=\/wp\/v2\/users\/2"}],"replies":[{"embeddable":true,"href":"https:\/\/icoinformativo.mx\/home\/index.php?rest_route=%2Fwp%2Fv2%2Fcomments&post=29846"}],"version-history":[{"count":1,"href":"https:\/\/icoinformativo.mx\/home\/index.php?rest_route=\/wp\/v2\/posts\/29846\/revisions"}],"predecessor-version":[{"id":29848,"href":"https:\/\/icoinformativo.mx\/home\/index.php?rest_route=\/wp\/v2\/posts\/29846\/revisions\/29848"}],"wp:featuredmedia":[{"embeddable":true,"href":"https:\/\/icoinformativo.mx\/home\/index.php?rest_route=\/wp\/v2\/media\/29847"}],"wp:attachment":[{"href":"https:\/\/icoinformativo.mx\/home\/index.php?rest_route=%2Fwp%2Fv2%2Fmedia&parent=29846"}],"wp:term":[{"taxonomy":"category","embeddable":true,"href":"https:\/\/icoinformativo.mx\/home\/index.php?rest_route=%2Fwp%2Fv2%2Fcategories&post=29846"},{"taxonomy":"post_tag","embeddable":true,"href":"https:\/\/icoinformativo.mx\/home\/index.php?rest_route=%2Fwp%2Fv2%2Ftags&post=29846"}],"curies":[{"name":"wp","href":"https:\/\/api.w.org\/{rel}","templated":true}]}}