{"id":29840,"date":"2025-01-15T03:16:22","date_gmt":"2025-01-15T03:16:22","guid":{"rendered":"https:\/\/icoinformativo.mx\/home\/?p=29840"},"modified":"2025-01-15T03:16:22","modified_gmt":"2025-01-15T03:16:22","slug":"se-instalo-el-consejo-estatal-de-restauracion-y-saneamiento-de-microcuencas-de-la-nueva-era-de-chiapas","status":"publish","type":"post","link":"https:\/\/icoinformativo.mx\/home\/?p=29840","title":{"rendered":"Se instal\u00f3 el Consejo Estatal de Restauraci\u00f3n y Saneamiento de Microcuencas de la Nueva Era de Chiapas\u00a0"},"content":{"rendered":"<p>&nbsp;<\/p>\n<p>\u00b7 La Semahn encabeza este esfuerzo interinstitucional con el que se lograr\u00e1 restaurar ecosistemas degradados, mejorar la calidad del agua y la biodiversidad y aumentar la resiliencia al cambio clim\u00e1tico<\/p>\n<p>&nbsp;<\/p>\n<p>Siguiendo las instrucciones del gobernador del Estado de Chiapas, Eduardo Ram\u00edrez Aguilar, la secretaria de Medio Ambiente e Historia Natural (Semahn), Malena Torres Abarca, encabez\u00f3 la Instalaci\u00f3n del Consejo Estatal de Restauraci\u00f3n y Saneamiento de Microcuencas de la Nueva Era en Chiapas, el cual tiene como objetivo la restauraci\u00f3n de ecosistemas degradados con lo que se lograr\u00e1 la reducci\u00f3n de la vulnerabilidad ante el cambio clim\u00e1tico, la conservaci\u00f3n de la biodiversidad y el desarrollo econ\u00f3mico sostenible, as\u00ed como mejorar la calidad de vida de las y los chiapanecos.<\/p>\n<p>&nbsp;<\/p>\n<p>En este contexto, Malena Torres destac\u00f3 que una de las prioridades del gobierno de la Nueva Era es la conservaci\u00f3n del medio ambiente, \u201cel gobernador es un hombre consciente de las necesidades que demanda la agenda del cambio clim\u00e1tico y nos ha instruido trabajar de manera coordinada en los tres \u00f3rdenes de gobierno, municipal, estatal y federal\u201d, mencion\u00f3.<\/p>\n<p>&nbsp;<\/p>\n<p>Durante el evento que se llev\u00f3 a cabo en el Centro de Convenciones y Polyforum Chiapas, Juan Carlos G\u00f3mez Aranda, coordinador de Asesores y Proyectos Estrat\u00e9gicos del Gobernador, tom\u00f3 protesta a los integrantes del Consejo Estatal de Restauraci\u00f3n y Saneamiento de Microcuencas de la Nueva Era en Chiapas, al tiempo de exhortar a cada miembro a cumplir su funci\u00f3n con compromiso, voluntad y visi\u00f3n a largo plazo, ya que la restauraci\u00f3n de microcuencas es una prioridad para el gobierno estatal que requiere la suma de esfuerzos y la coordinaci\u00f3n permanente de todos los involucrados, es decir; el trabajo en unidad que caracteriza a esta administraci\u00f3n.<\/p>\n<p>&nbsp;<\/p>\n<p>Por su parte, Jorge Constantino Kanter, quien fungir\u00e1 como secretario ejecutivo del Consejo, dijo estar agradecido con la oportunidad de ser parte del trabajo conjunto entre instancias para construir un mejor Chiapas, buscando la sostenibilidad de las microcuencas para un futuro mejor para todos, tomando en cuenta que el agua es un derecho humano.<\/p>\n<p>&nbsp;<\/p>\n<p>El Consejo Estatal de Restauraci\u00f3n y Saneamiento de Microcuencas de la Nueva Era en Chiapas est\u00e1 conformado por autoridades federales, estatales y municipales, adem\u00e1s de organismos no gubernamentales, quienes trabajar\u00e1n de manera conjunta en el manejo y restauraci\u00f3n de microcuencas para mejorar la calidad del suelo, del agua, conservar la biodiversidad y mitigar los efectos del cambio clim\u00e1tico.<\/p>\n<p>&nbsp;<\/p>\n<p>Este proyecto no solo se centrar\u00e1 en la conservaci\u00f3n forestal, sino tambi\u00e9n en la protecci\u00f3n del patrimonio ambiental, priorizando cerros, aguajes y parajes que son parte de la identidad de las comunidades chiapanecas.<\/p>\n","protected":false},"excerpt":{"rendered":"<p>&nbsp; \u00b7 La Semahn encabeza este esfuerzo interinstitucional con el que se lograr\u00e1 restaurar ecosistemas&#8230;<\/p>\n","protected":false},"author":2,"featured_media":29841,"comment_status":"closed","ping_status":"closed","sticky":false,"template":"","format":"standard","meta":{"_joinchat":[],"footnotes":""},"categories":[18,1,2,3],"tags":[],"class_list":["post-29840","post","type-post","status-publish","format-standard","has-post-thumbnail","hentry","category-almomento","category-boletin","category-estado","category-health"],"_links":{"self":[{"href":"https:\/\/icoinformativo.mx\/home\/index.php?rest_route=\/wp\/v2\/posts\/29840","targetHints":{"allow":["GET"]}}],"collection":[{"href":"https:\/\/icoinformativo.mx\/home\/index.php?rest_route=\/wp\/v2\/posts"}],"about":[{"href":"https:\/\/icoinformativo.mx\/home\/index.php?rest_route=\/wp\/v2\/types\/post"}],"author":[{"embeddable":true,"href":"https:\/\/icoinformativo.mx\/home\/index.php?rest_route=\/wp\/v2\/users\/2"}],"replies":[{"embeddable":true,"href":"https:\/\/icoinformativo.mx\/home\/index.php?rest_route=%2Fwp%2Fv2%2Fcomments&post=29840"}],"version-history":[{"count":1,"href":"https:\/\/icoinformativo.mx\/home\/index.php?rest_route=\/wp\/v2\/posts\/29840\/revisions"}],"predecessor-version":[{"id":29842,"href":"https:\/\/icoinformativo.mx\/home\/index.php?rest_route=\/wp\/v2\/posts\/29840\/revisions\/29842"}],"wp:featuredmedia":[{"embeddable":true,"href":"https:\/\/icoinformativo.mx\/home\/index.php?rest_route=\/wp\/v2\/media\/29841"}],"wp:attachment":[{"href":"https:\/\/icoinformativo.mx\/home\/index.php?rest_route=%2Fwp%2Fv2%2Fmedia&parent=29840"}],"wp:term":[{"taxonomy":"category","embeddable":true,"href":"https:\/\/icoinformativo.mx\/home\/index.php?rest_route=%2Fwp%2Fv2%2Fcategories&post=29840"},{"taxonomy":"post_tag","embeddable":true,"href":"https:\/\/icoinformativo.mx\/home\/index.php?rest_route=%2Fwp%2Fv2%2Ftags&post=29840"}],"curies":[{"name":"wp","href":"https:\/\/api.w.org\/{rel}","templated":true}]}}