{"id":29828,"date":"2025-01-14T03:55:25","date_gmt":"2025-01-14T03:55:25","guid":{"rendered":"https:\/\/icoinformativo.mx\/home\/?p=29828"},"modified":"2025-01-14T03:55:25","modified_gmt":"2025-01-14T03:55:25","slug":"alcaldes-solicitan-a-sagyp-mayor-impulso-a-los-sectores-productivos-de-chiapas","status":"publish","type":"post","link":"https:\/\/icoinformativo.mx\/home\/?p=29828","title":{"rendered":"Alcaldes solicitan a SAGyP mayor impulso a los sectores productivos de Chiapas"},"content":{"rendered":"<p>&nbsp;<\/p>\n<p>Alcaldes de cuatro municipios de la costa de Chiapas pidieron al titular de la Secretar\u00eda de Agricultura, Ganader\u00eda y Pesca (SAGyP), Marco Antonio Barba Arrocha, fortalecer la producci\u00f3n agr\u00edcola y mejorar los caminos saca-cosechas.<\/p>\n<p>&nbsp;<\/p>\n<p>A la reuni\u00f3n asistieron los presidentes de Cacahoat\u00e1n, V\u00edctor P\u00e9rez Salda\u00f1a; Metapa de Dom\u00ednguez, Luis Salgado S\u00e1nchez; Uni\u00f3n Ju\u00e1rez, Fabi\u00e1n Barrios de Le\u00f3n; y Ever Ju\u00e1rez Ortiz, representante del alcalde de Tuxtla Chico, Julio Enrique Gamboa Altuzar, acompa\u00f1ados de la diputada, Elvira Catalina Aguiar \u00c1lvarez.<\/p>\n<p>&nbsp;<\/p>\n<p>Durante el encuentro solicitaron modernizar la cafeticultura y capacitar a productores y ganaderos, en especial en el combate al gusano barrenador. Barba Arrocha afirm\u00f3 que el gobierno de Eduardo Ram\u00edrez Aguilar tiene un compromiso con los peque\u00f1os y medianos productores, y destac\u00f3 el papel del campo en la construcci\u00f3n de la paz.<\/p>\n<p>&nbsp;<\/p>\n<p>El titular de la SAGyP anunci\u00f3 el desplazamiento de maquinaria de manera temporal para mejorar caminos rurales, y propuso una coordinaci\u00f3n con el Legislativo para atender las necesidades locales. Adem\u00e1s, adelant\u00f3 que se trabaja en un diagn\u00f3stico integral para impulsar los sectores agr\u00edcola, ganadero y pesquero.<\/p>\n<p>&nbsp;<\/p>\n<p>Entre las demandas se plante\u00f3 la renovaci\u00f3n de cafetales y el uso de fertilizantes org\u00e1nicos. El alcalde, Fabi\u00e1n Barrios, solicit\u00f3 apoyo para diversificar cultivos con cacao y caf\u00e9. A su vez el presidente, V\u00edctor P\u00e9rez, pidi\u00f3 fortalecer la capacitaci\u00f3n y el valor agregado de los productos. Otros alcaldes propusieron reactivar viveros y reforzar la sanidad pecuaria.<\/p>\n","protected":false},"excerpt":{"rendered":"<p>&nbsp; Alcaldes de cuatro municipios de la costa de Chiapas pidieron al titular de la&#8230;<\/p>\n","protected":false},"author":2,"featured_media":29829,"comment_status":"closed","ping_status":"closed","sticky":false,"template":"","format":"standard","meta":{"_joinchat":[],"footnotes":""},"categories":[18,1,2,3],"tags":[],"class_list":["post-29828","post","type-post","status-publish","format-standard","has-post-thumbnail","hentry","category-almomento","category-boletin","category-estado","category-health"],"_links":{"self":[{"href":"https:\/\/icoinformativo.mx\/home\/index.php?rest_route=\/wp\/v2\/posts\/29828","targetHints":{"allow":["GET"]}}],"collection":[{"href":"https:\/\/icoinformativo.mx\/home\/index.php?rest_route=\/wp\/v2\/posts"}],"about":[{"href":"https:\/\/icoinformativo.mx\/home\/index.php?rest_route=\/wp\/v2\/types\/post"}],"author":[{"embeddable":true,"href":"https:\/\/icoinformativo.mx\/home\/index.php?rest_route=\/wp\/v2\/users\/2"}],"replies":[{"embeddable":true,"href":"https:\/\/icoinformativo.mx\/home\/index.php?rest_route=%2Fwp%2Fv2%2Fcomments&post=29828"}],"version-history":[{"count":1,"href":"https:\/\/icoinformativo.mx\/home\/index.php?rest_route=\/wp\/v2\/posts\/29828\/revisions"}],"predecessor-version":[{"id":29830,"href":"https:\/\/icoinformativo.mx\/home\/index.php?rest_route=\/wp\/v2\/posts\/29828\/revisions\/29830"}],"wp:featuredmedia":[{"embeddable":true,"href":"https:\/\/icoinformativo.mx\/home\/index.php?rest_route=\/wp\/v2\/media\/29829"}],"wp:attachment":[{"href":"https:\/\/icoinformativo.mx\/home\/index.php?rest_route=%2Fwp%2Fv2%2Fmedia&parent=29828"}],"wp:term":[{"taxonomy":"category","embeddable":true,"href":"https:\/\/icoinformativo.mx\/home\/index.php?rest_route=%2Fwp%2Fv2%2Fcategories&post=29828"},{"taxonomy":"post_tag","embeddable":true,"href":"https:\/\/icoinformativo.mx\/home\/index.php?rest_route=%2Fwp%2Fv2%2Ftags&post=29828"}],"curies":[{"name":"wp","href":"https:\/\/api.w.org\/{rel}","templated":true}]}}