{"id":29825,"date":"2025-01-14T03:51:41","date_gmt":"2025-01-14T03:51:41","guid":{"rendered":"https:\/\/icoinformativo.mx\/home\/?p=29825"},"modified":"2025-01-14T03:51:41","modified_gmt":"2025-01-14T03:51:41","slug":"cecytech-y-semuigen-consolidan-igualdad-en-lo-academico-y-administrativo","status":"publish","type":"post","link":"https:\/\/icoinformativo.mx\/home\/?p=29825","title":{"rendered":"Cecytech y Semuigen consolidan igualdad en lo acad\u00e9mico y administrativo"},"content":{"rendered":"<p>\u00b7 Reuni\u00f3n estrat\u00e9gica promueve equidad y entornos libres de violencia en educaci\u00f3n y gesti\u00f3n<\/p>\n<p>&nbsp;<\/p>\n<p>El director general del Colegio de Estudios Cient\u00edficos y Tecnol\u00f3gicos del Estado de Chiapas (Cecytech), Luis Guadalupe Morales \u00c1ngeles, y la titular de la Secretar\u00eda de la Mujer e Igualdad de G\u00e9nero (Semuigen), Dulce Rodr\u00edguez Ovando , sostuvieron una reuni\u00f3n estrat\u00e9gica para promover pol\u00edticas de equidad y entornos libres de violencia en los \u00e1mbitos acad\u00e9mico y administrativo. Este encuentro, realizado en la sala de juntas del Colegio, marca un paso clave en la consolidaci\u00f3n de espacios educativos y laborales m\u00e1s inclusivos en la entidad.<\/p>\n<p>&nbsp;<\/p>\n<p>Durante la reuni\u00f3n, ambos titulares coincidieron en reforzar la educaci\u00f3n y la gesti\u00f3n administrativa como motores de cambio social, a fin de implementar talleres de sensibilizaci\u00f3n, programas de capacitaci\u00f3n en derechos laborales y actividades que fortalezcan la convivencia pac\u00edfica.<\/p>\n<p>&nbsp;<\/p>\n<p>Al respecto, Morales \u00c1ngeles se\u00f1al\u00f3 que integrar la perspectiva de g\u00e9nero en la instituci\u00f3n es fundamental para construir una comunidad educativa s\u00f3lida, alineada con la pol\u00edtica humanista del gobernador Eduardo Ram\u00edrez Aguilar, quien ha priorizado la justicia social y la erradicaci\u00f3n de la violencia en el estado.<\/p>\n<p>&nbsp;<\/p>\n<p>A su vez, Rodr\u00edguez Ovando destac\u00f3 que la Semuigen tiene el compromiso de generar alianzas estrat\u00e9gicas que fomenten un cambio profundo en las din\u00e1micas laborales y acad\u00e9micas. \u201cQueremos que los espacios educativos y administrativos sean ejemplos de equidad, respeto y seguridad. Esto implica trabajar juntos para capacitar a docentes, estudiantes y personal administrativo en temas de igualdad y prevenci\u00f3n de violencia\u201d, refiri\u00f3.<\/p>\n<p>&nbsp;<\/p>\n<p>Este compromiso conjunto entre Cecytech y Semuigen refuerza la visi\u00f3n de un futuro donde las oportunidades est\u00e9n al alcance de todas y todos, sin importar g\u00e9nero o condici\u00f3n social.<\/p>\n","protected":false},"excerpt":{"rendered":"<p>\u00b7 Reuni\u00f3n estrat\u00e9gica promueve equidad y entornos libres de violencia en educaci\u00f3n y gesti\u00f3n &nbsp;&#8230;<\/p>\n","protected":false},"author":2,"featured_media":29826,"comment_status":"closed","ping_status":"closed","sticky":false,"template":"","format":"standard","meta":{"_joinchat":[],"footnotes":""},"categories":[18,1,2,3],"tags":[],"class_list":["post-29825","post","type-post","status-publish","format-standard","has-post-thumbnail","hentry","category-almomento","category-boletin","category-estado","category-health"],"_links":{"self":[{"href":"https:\/\/icoinformativo.mx\/home\/index.php?rest_route=\/wp\/v2\/posts\/29825","targetHints":{"allow":["GET"]}}],"collection":[{"href":"https:\/\/icoinformativo.mx\/home\/index.php?rest_route=\/wp\/v2\/posts"}],"about":[{"href":"https:\/\/icoinformativo.mx\/home\/index.php?rest_route=\/wp\/v2\/types\/post"}],"author":[{"embeddable":true,"href":"https:\/\/icoinformativo.mx\/home\/index.php?rest_route=\/wp\/v2\/users\/2"}],"replies":[{"embeddable":true,"href":"https:\/\/icoinformativo.mx\/home\/index.php?rest_route=%2Fwp%2Fv2%2Fcomments&post=29825"}],"version-history":[{"count":1,"href":"https:\/\/icoinformativo.mx\/home\/index.php?rest_route=\/wp\/v2\/posts\/29825\/revisions"}],"predecessor-version":[{"id":29827,"href":"https:\/\/icoinformativo.mx\/home\/index.php?rest_route=\/wp\/v2\/posts\/29825\/revisions\/29827"}],"wp:featuredmedia":[{"embeddable":true,"href":"https:\/\/icoinformativo.mx\/home\/index.php?rest_route=\/wp\/v2\/media\/29826"}],"wp:attachment":[{"href":"https:\/\/icoinformativo.mx\/home\/index.php?rest_route=%2Fwp%2Fv2%2Fmedia&parent=29825"}],"wp:term":[{"taxonomy":"category","embeddable":true,"href":"https:\/\/icoinformativo.mx\/home\/index.php?rest_route=%2Fwp%2Fv2%2Fcategories&post=29825"},{"taxonomy":"post_tag","embeddable":true,"href":"https:\/\/icoinformativo.mx\/home\/index.php?rest_route=%2Fwp%2Fv2%2Ftags&post=29825"}],"curies":[{"name":"wp","href":"https:\/\/api.w.org\/{rel}","templated":true}]}}