{"id":29822,"date":"2025-01-14T03:45:20","date_gmt":"2025-01-14T03:45:20","guid":{"rendered":"https:\/\/icoinformativo.mx\/home\/?p=29822"},"modified":"2025-01-14T03:45:20","modified_gmt":"2025-01-14T03:45:20","slug":"asociacion-de-deporte-escolar-de-chiapas-presenta-plan-de-trabajo-2025-a-titular-del-instituto-del-deporte","status":"publish","type":"post","link":"https:\/\/icoinformativo.mx\/home\/?p=29822","title":{"rendered":"Asociaci\u00f3n de Deporte Escolar de Chiapas presenta plan de trabajo 2025 a titular del Instituto del Deporte"},"content":{"rendered":"<p>&nbsp;<\/p>\n<p>\u00b7 Walter Abarca, titular de la agrupaci\u00f3n deportiva, revel\u00f3 el inter\u00e9s de realizar Gimnasiada Nacional en Chiapas<\/p>\n<p>\u00b7 El director del instituto, Adona\u00ed S\u00e1nchez Osorio, indic\u00f3 que se gestionar\u00e1n los apoyos para cumplir con los planes<\/p>\n<p>&nbsp;<\/p>\n<p>La Asociaci\u00f3n de Deporte Escolar del Estado de Chiapas (Adech) que encabeza Walter Abarca Cabrera, present\u00f3 su plan de trabajo 2025, al director del Instituto del Deporte (Indeporte), Adona\u00ed S\u00e1nchez Osorio.<\/p>\n<p>&nbsp;<\/p>\n<p>Dentro de los eventos plasmados por la Adech en el proyecto, sobresale el inter\u00e9s de solicitar la sede de la Gimnasiada Nacional 2025, intenci\u00f3n que comparte con otros estados de la rep\u00fablica.<\/p>\n<p>&nbsp;<\/p>\n<p>Acompa\u00f1ado por Ferm\u00edn Carrasco, director de alto rendimiento del Indeporte; Adona\u00ed S\u00e1nchez Osorio asegur\u00f3 que trabajar\u00e1 a la par con la Adech y se gestionar\u00e1n los apoyos necesarios para cumplir con sus objetivos.<\/p>\n<p>&nbsp;<\/p>\n<p>S\u00e1nchez Osorio resalt\u00f3 la importancia de recibir a todos los estados participantes al evento convocado por la Federaci\u00f3n Mexicana de Deporte Escolar y organizar los 12 deportes que incluye la Giimnasiada Nacional.<\/p>\n<p>&nbsp;<\/p>\n<p>Por otro lado, los integrantes de la Adech informaron al titular del Indeporte, que Camila Monserrat Arias Cal y Mayor (bronce en Juegos Conade) y Estephany Antonella Vel\u00e1zquez Diaz (oro en Juegos Conade), ambas de Tuxtla Guti\u00e9rrez, y Mateo Villalobos Ruiz de Mapastepec, representar\u00e1n a M\u00e9xico en el Mundial Escolar U15 2025 a celebrarse del 4 al 14 de abril en Zlatibor, Serbia.<\/p>\n<p>&nbsp;<\/p>\n<p>En ese sentido, S\u00e1nchez Osorio reconoci\u00f3 el talento de las y los j\u00f3venes atletas y los felicit\u00f3 por el pase logrado en el selectivo de Quer\u00e9taro, por lo que indic\u00f3 que se realizar\u00e1n las gestiones necesarias para que cumplan con el compromiso.<\/p>\n<p>&nbsp;<\/p>\n<p>Acompa\u00f1aron a Walter Abarca Cabrera, presidente de la Adech, Juan Pablo Arias, vicepresidente ejecutivo; Maxwell Vallejo Guill\u00e9n, vicepresidente t\u00e9cnico; Carlos Estrada Estrada, vicepresidente operativo; Jos\u00e9 Alfredo Custodio Alvarado, tesorero; Juan Marcelino L\u00f3pez Funez, comisario; V\u00edctor Manuel L\u00f3pez Hern\u00e1ndez, vocal; Horacio Ch\u00e1vez Gonz\u00e1lez, vocal secretario y Leonardo Valerio, vocal medallista.<\/p>\n","protected":false},"excerpt":{"rendered":"<p>&nbsp; \u00b7 Walter Abarca, titular de la agrupaci\u00f3n deportiva, revel\u00f3 el inter\u00e9s de realizar Gimnasiada&#8230;<\/p>\n","protected":false},"author":2,"featured_media":29823,"comment_status":"closed","ping_status":"closed","sticky":false,"template":"","format":"standard","meta":{"_joinchat":[],"footnotes":""},"categories":[18,1,2,3],"tags":[],"class_list":["post-29822","post","type-post","status-publish","format-standard","has-post-thumbnail","hentry","category-almomento","category-boletin","category-estado","category-health"],"_links":{"self":[{"href":"https:\/\/icoinformativo.mx\/home\/index.php?rest_route=\/wp\/v2\/posts\/29822","targetHints":{"allow":["GET"]}}],"collection":[{"href":"https:\/\/icoinformativo.mx\/home\/index.php?rest_route=\/wp\/v2\/posts"}],"about":[{"href":"https:\/\/icoinformativo.mx\/home\/index.php?rest_route=\/wp\/v2\/types\/post"}],"author":[{"embeddable":true,"href":"https:\/\/icoinformativo.mx\/home\/index.php?rest_route=\/wp\/v2\/users\/2"}],"replies":[{"embeddable":true,"href":"https:\/\/icoinformativo.mx\/home\/index.php?rest_route=%2Fwp%2Fv2%2Fcomments&post=29822"}],"version-history":[{"count":1,"href":"https:\/\/icoinformativo.mx\/home\/index.php?rest_route=\/wp\/v2\/posts\/29822\/revisions"}],"predecessor-version":[{"id":29824,"href":"https:\/\/icoinformativo.mx\/home\/index.php?rest_route=\/wp\/v2\/posts\/29822\/revisions\/29824"}],"wp:featuredmedia":[{"embeddable":true,"href":"https:\/\/icoinformativo.mx\/home\/index.php?rest_route=\/wp\/v2\/media\/29823"}],"wp:attachment":[{"href":"https:\/\/icoinformativo.mx\/home\/index.php?rest_route=%2Fwp%2Fv2%2Fmedia&parent=29822"}],"wp:term":[{"taxonomy":"category","embeddable":true,"href":"https:\/\/icoinformativo.mx\/home\/index.php?rest_route=%2Fwp%2Fv2%2Fcategories&post=29822"},{"taxonomy":"post_tag","embeddable":true,"href":"https:\/\/icoinformativo.mx\/home\/index.php?rest_route=%2Fwp%2Fv2%2Ftags&post=29822"}],"curies":[{"name":"wp","href":"https:\/\/api.w.org\/{rel}","templated":true}]}}