{"id":29819,"date":"2025-01-14T03:40:41","date_gmt":"2025-01-14T03:40:41","guid":{"rendered":"https:\/\/icoinformativo.mx\/home\/?p=29819"},"modified":"2025-01-14T03:40:41","modified_gmt":"2025-01-14T03:40:41","slug":"agencia-digital-tecnologica-de-chiapas-y-spaceport-mx-impulsan-innovacion-y-educacion-espacial","status":"publish","type":"post","link":"https:\/\/icoinformativo.mx\/home\/?p=29819","title":{"rendered":"Agencia Digital Tecnol\u00f3gica de Chiapas y SpacePort MX impulsan innovaci\u00f3n y educaci\u00f3n espacial"},"content":{"rendered":"<p>Firman convenio de colaboraci\u00f3n para intercambio de conocimientos, iniciativas educativas y proyectos innovadores para democratizar el acceso a la exploraci\u00f3n espacial<\/p>\n<p>&nbsp;<\/p>\n<p>Tuxtla Guti\u00e9rrez, Chiapas.- Con el objetivo de fomentar la educaci\u00f3n tecnol\u00f3gica y fortalecer el desarrollo de la industria espacial en Chiapas, los titulares de la Agencia Digital Tecnol\u00f3gica de Chiapas (ADTE) y SpacePort MX (SPMX), Jovani Salazar y Catalina Ram\u00edrez, respectivamente, formalizaron un convenio de colaboraci\u00f3n estrat\u00e9gica en las instalaciones de la Estaci\u00f3n Terrena del Planetario Tuxtla.<\/p>\n<p>En este importante evento, ambos directores destacaron la importancia de la cooperaci\u00f3n entre el sector p\u00fablico y privado en temas tecnol\u00f3gicos y educativos.<\/p>\n<p>\u201cEsta alianza representa una oportunidad \u00fanica para posicionar a Chiapas como un referente en el \u00e1mbito de la innovaci\u00f3n digital, y el acceso a la educaci\u00f3n espacial en el estado, como lo ha instruido el gobernador Eduardo Ram\u00edrez Aguilar, en esta Nueva Era tecnol\u00f3gica\u201d, se\u00f1al\u00f3 Jovani Salazar.<\/p>\n<p>Asimismo, hizo un llamado a la juventud chiapaneca a acercarse a la Estaci\u00f3n Terrena \u201cChiapas 1\u201d, ubicada en el Planetario Tuxtla, para que puedan participar en las convocatorias que les permitir\u00e1n contar con herramientas y experiencias formativas que liderar\u00e1n la exploraci\u00f3n y comercializaci\u00f3n del espacio.<\/p>\n<p>Por su parte, Catalina Ram\u00edrez subray\u00f3 que este convenio est\u00e1 abriendo un camino a una Nueva ERA que se llama Espacio, \u201cestamos hablando de traer la tecnolog\u00eda, la ciencia y la frontera del conocimiento, para todos hacer una ciencia humana, una ciencia que nos ayude a remediar los grandes problemas de la humanidad\u201d, concluy\u00f3.<\/p>\n<p>Con esta colaboraci\u00f3n, ambas instituciones se comprometen a desarrollar proyectos enfocados en la capacitaci\u00f3n de talento humano, la creaci\u00f3n de tecnolog\u00edas avanzadas y la promoci\u00f3n del comercio espacial, consolidando as\u00ed el liderazgo de Chiapas y M\u00e9xico en la industria tecnol\u00f3gica y espacial.<\/p>\n<p>La Estaci\u00f3n Terrena \u201cChiapas 1\u201d es un proyecto aeroespacial que permite monitorear, decodificar y descargar informaci\u00f3n satelital. Es la \u00fanica estaci\u00f3n terrena de su tipo en M\u00e9xico y est\u00e1 destinada a apoyar investigaciones cient\u00edficas y educativas.<\/p>\n","protected":false},"excerpt":{"rendered":"<p>Firman convenio de colaboraci\u00f3n para intercambio de conocimientos, iniciativas educativas y proyectos innovadores para democratizar&#8230;<\/p>\n","protected":false},"author":2,"featured_media":29820,"comment_status":"closed","ping_status":"closed","sticky":false,"template":"","format":"standard","meta":{"_joinchat":[],"footnotes":""},"categories":[18,1,2,3],"tags":[],"class_list":["post-29819","post","type-post","status-publish","format-standard","has-post-thumbnail","hentry","category-almomento","category-boletin","category-estado","category-health"],"_links":{"self":[{"href":"https:\/\/icoinformativo.mx\/home\/index.php?rest_route=\/wp\/v2\/posts\/29819","targetHints":{"allow":["GET"]}}],"collection":[{"href":"https:\/\/icoinformativo.mx\/home\/index.php?rest_route=\/wp\/v2\/posts"}],"about":[{"href":"https:\/\/icoinformativo.mx\/home\/index.php?rest_route=\/wp\/v2\/types\/post"}],"author":[{"embeddable":true,"href":"https:\/\/icoinformativo.mx\/home\/index.php?rest_route=\/wp\/v2\/users\/2"}],"replies":[{"embeddable":true,"href":"https:\/\/icoinformativo.mx\/home\/index.php?rest_route=%2Fwp%2Fv2%2Fcomments&post=29819"}],"version-history":[{"count":1,"href":"https:\/\/icoinformativo.mx\/home\/index.php?rest_route=\/wp\/v2\/posts\/29819\/revisions"}],"predecessor-version":[{"id":29821,"href":"https:\/\/icoinformativo.mx\/home\/index.php?rest_route=\/wp\/v2\/posts\/29819\/revisions\/29821"}],"wp:featuredmedia":[{"embeddable":true,"href":"https:\/\/icoinformativo.mx\/home\/index.php?rest_route=\/wp\/v2\/media\/29820"}],"wp:attachment":[{"href":"https:\/\/icoinformativo.mx\/home\/index.php?rest_route=%2Fwp%2Fv2%2Fmedia&parent=29819"}],"wp:term":[{"taxonomy":"category","embeddable":true,"href":"https:\/\/icoinformativo.mx\/home\/index.php?rest_route=%2Fwp%2Fv2%2Fcategories&post=29819"},{"taxonomy":"post_tag","embeddable":true,"href":"https:\/\/icoinformativo.mx\/home\/index.php?rest_route=%2Fwp%2Fv2%2Ftags&post=29819"}],"curies":[{"name":"wp","href":"https:\/\/api.w.org\/{rel}","templated":true}]}}