{"id":29813,"date":"2025-01-14T03:22:35","date_gmt":"2025-01-14T03:22:35","guid":{"rendered":"https:\/\/icoinformativo.mx\/home\/?p=29813"},"modified":"2025-01-14T03:22:35","modified_gmt":"2025-01-14T03:22:35","slug":"no-tomo-decisiones-basadas-en-mi-popularidad-tomo-decisiones-basadas-en-la-seguridad-eduardo-ramirez","status":"publish","type":"post","link":"https:\/\/icoinformativo.mx\/home\/?p=29813","title":{"rendered":"No tomo decisiones basadas en mi popularidad, tomo\u00a0decisiones basadas en la seguridad: Eduardo Ram\u00edrez"},"content":{"rendered":"<div id=\"m_toolbarLayer\" class=\"layer\"><\/div>\n<div id=\"m_textViewLayer\" class=\"layer\">\n<div id=\"m_content\">\n<div id=\"pc1\">\n<div id=\"p1\">\n<div><\/div>\n<div>&#8211; El gobernador dio inicio al Operativo de Recuperaci\u00f3n de Veh\u00edculos en Chiapas y encabez\u00f3\u00a0la instalaci\u00f3n de la XLIV Sesi\u00f3n Ordinaria del Consejo Estatal de Seguridad P\u00fablica<\/div>\n<div><\/div>\n<div>El gobernador Eduardo Ram\u00edrez Aguilar dio el banderazo de inicio al Operativo de\u00a0Recuperaci\u00f3n de Veh\u00edculos en el Estado, con la presencia de la directora de la Oficina\u00a0Coordinadora de Riesgos Asegurados (OCRA), Patricia Bugar\u00edn Guti\u00e9rrez, donde convoc\u00f3 a\u00a0cerrar filas para respaldar el trabajo de las instituciones de seguridad y continuar generando\u00a0resultados contundentes en esta materia.<\/div>\n<div><\/div>\n<div>En compa\u00f1\u00eda del secretario de Seguridad del Pueblo, \u00d3scar Alberto Aparicio Avenda\u00f1o, y el\u00a0fiscal general del Estado, Jorge Luis Llaven Abarca, Ram\u00edrez Aguilar reafirm\u00f3 su compromiso\u00a0de trabajar para proteger a las familias chiapanecas; asimismo, subray\u00f3 la importancia de\u00a0este operativo como un paso clave para fortalecer la seguridad y el bienestar en la entidad.<\/div>\n<div><\/div>\n<div>Tras reconocer los esfuerzos del Gobierno del Estado, Bugar\u00edn Guti\u00e9rrez manifest\u00f3 la\u00a0disposici\u00f3n de la OCRA para colaborar en los operativos as\u00ed como en la propuesta de\u00a0acciones que permitan fortalecer las estrategias contra el robo de veh\u00edculos. \u201cHoy estoy\u00a0observando con verdadero placer que el lema del se\u00f1or gobernador, \u00b4la paz va a regresar a\u00a0los caminos de Chiapas\u00b4, se est\u00e1 cumpliendo\u201d, expres\u00f3.<\/div>\n<div><\/div>\n<div>En su intervenci\u00f3n, Aparicio Avenda\u00f1o recalc\u00f3 la relevancia de la recuperaci\u00f3n de veh\u00edculos\u00a0robados, ya que estos son utilizados por grupos delictivos para cometer actos il\u00edcitos. Indic\u00f3\u00a0que este operativo se implementa de manera conjunta con el programa Carretera Segura,\u00a0mismo que ha funcionado efectivamente, pues al d\u00eda de hoy no se tiene reporte de robos\u00a0en las carreteras del estado.<\/div>\n<div><\/div>\n<div>Posteriormente, el gobernador Eduardo Ram\u00edrez encabez\u00f3 la instalaci\u00f3n de la XLIV Sesi\u00f3n Ordinaria del Consejo Estatal de Seguridad P\u00fablica, donde se reuni\u00f3 con las y los presidentes municipales y se comprometi\u00f3 a continuar trabajando contra la injusticia, la opresi\u00f3n y el sometimiento a las comunidades, para que en seis meses se pueda alcanzar la paz en Chiapas y en un a\u00f1o sea el estado m\u00e1s seguro para vivir.<\/div>\n<\/div>\n<\/div>\n<div id=\"pc2\">\n<div id=\"p2\">\n<div>En ese marco, exhort\u00f3 a las autoridades municipales a conducirse con autoridad moral, con\u00a0honestidad y apego a la ley, priorizando los programas de prevenci\u00f3n y el tema social,\u00a0mientras que las autoridades estatales se encargan de la seguridad.<\/div>\n<div><\/div>\n<div>\u00abTenemos un claro prop\u00f3sito que es restaurar la paz y ello significa un compromiso social\u00a0de los actores pol\u00edticos, econ\u00f3micos, religiosos y autoridades de los distintos niveles de\u00a0gobierno; por ello, les pido que se sumen a la prevenci\u00f3n del delito y hagan proximidad\u00a0social con su pueblo, vayan a sus barrios, colonias y ejidos, y politicen el tema de la paz\u00bb,\u00a0agreg\u00f3.<\/div>\n<div><\/div>\n<div>Ram\u00edrez Aguilar tambi\u00e9n anunci\u00f3 la prohibici\u00f3n de las peleas de gallos y las carreras de\u00a0caballos en Chiapas, ya que estas actividades pueden fomentar la violencia, y se\u00f1al\u00f3: \u201cNo\u00a0tomo decisiones basadas mi popularidad, tomo decisiones basadas en la seguridad\u201d.<\/div>\n<div><\/div>\n<div>En su participaci\u00f3n, el secretario ejecutivo del Sistema Estatal de Seguridad P\u00fablica, Jos\u00e9\u00a0Domingo Bezares, destac\u00f3 que desde el Consejo Estatal de Seguridad P\u00fablica se generar\u00e1n\u00a0estrategias, propuestas y acciones que fortalezcan el desempe\u00f1o institucional, el orden y la\u00a0paz p\u00fablica, acorde a los lineamientos y pol\u00edticas nacionales.<\/div>\n<div><\/div>\n<div>En ese contexto, el secretario de Seguridad del Pueblo resalt\u00f3 la necesidad de que los\u00a0ayuntamientos conduzcan su plan de trabajo bajo la estrategia de seguridad del gobernador\u00a0Eduardo Ram\u00edrez, para seguir obteniendo resultados satisfactorios.<\/div>\n<div><\/div>\n<div>Por su parte, el fiscal general afirm\u00f3 que a poco m\u00e1s de un mes de esta administraci\u00f3n\u00a0estatal, la incidencia delictiva en Chiapas ha disminuido, sobre todo en los delitos de\u00a0homicidio, robo de veh\u00edculos y bloqueos carreteros.<\/div>\n<div><\/div>\n<div>En representaci\u00f3n de las y los presidentes municipales, el alcalde de Tuxtla Guti\u00e9rrez, Angel Torres Culebro y la alcaldesa de San Crist\u00f3bal de Las Casas, Fabiola Ricci Diestel, ratificaron su compromiso de contribuir y cooperar en las pol\u00edticas p\u00fablicas que fortalezcan la seguridad en los municipios, a fin de garantizar el orden, preservar la tranquilidad y proteger los derechos de las personas.<\/div>\n<\/div>\n<\/div>\n<div id=\"pc3\">\n<div id=\"p3\">\n<div>Asistieron: el jefe de la Oficina de Gubernatura, Fernando Berm\u00fadez Velasco; la secretaria\u00a0de Gobierno y Mediaci\u00f3n, Patricia Conde Ruiz; los secretarios de Protecci\u00f3n Civil, Mauricio\u00a0Cordero Rodr\u00edguez; y de Humanismo, Francisco Chac\u00f3n S\u00e1nchez; la secretaria de\u00a0Infraestructura, Anakaren G\u00f3mez Zuart; el diputado presidente de la Mesa de Directiva del\u00a0Congreso del Estado, Luis Ignacio Avenda\u00f1o Berm\u00fadez; el magistrado presidente del Poder\u00a0Judicial, Juan Carlos Moreno Guill\u00e9n; y el presidente de la Comisi\u00f3n Estatal de los Derechos\u00a0Humanos, Horacio Culebro Borrayas.<\/div>\n<div><\/div>\n<div>Asimismo, el comandante de la 22 Zona Naval, Carlos Jim\u00e9nez Leal; el comandante de la 31\u00a0Zona Militar, Rom\u00e1n Villalvazo Barrios; los representantes de la Coordinaci\u00f3n Estatal de la\u00a0Guardia Nacional en Chiapas, Arm\u00edn Lechuga Montiel; y de la Subsecretar\u00eda de Ejecuci\u00f3n de\u00a0Sanciones Penales y Medidas de Seguridad, Marco Antonio Riquelme Barrios; el gerente de\u00a0Proyectos Especiales de la Oficina Coordinadora de Riesgos Asegurados (OCRA), Juan Edgar\u00a0Santiago Jij\u00f3n; y la gerente de la OCRA en el estado, Estelbina Carrascosa Damas.<\/div>\n<div><\/div>\n<div>Tambi\u00e9n estuvieron presentes: el subsecretario de Operaci\u00f3n Policial, Juan Valerio G\u00f3mez\u00a0Zamora; el subsecretario de Inteligencia e Investigaci\u00f3n Policial, Jos\u00e9 Octavio Garc\u00eda Mac\u00edas;\u00a0el director general de la Polic\u00eda de Investigaci\u00f3n de la FGE, Eber Quintero Ju\u00e1rez; el director\u00a0de la Fuerza de Reacci\u00f3n Inmediata Pakal (FRIP), \u00c1lvaro Serrano Escobedo; el subsecretario\u00a0de Tr\u00e1nsito y Vialidad, Guillermo L\u00f3pez Mur\u00faa; entre otros.<\/div>\n<\/div>\n<hr class=\"pageHrV2\" \/>\n<\/div>\n<\/div>\n<\/div>\n","protected":false},"excerpt":{"rendered":"<p>&#8211; El gobernador dio inicio al Operativo de Recuperaci\u00f3n de Veh\u00edculos en Chiapas y encabez\u00f3\u00a0la&#8230;<\/p>\n","protected":false},"author":2,"featured_media":29814,"comment_status":"closed","ping_status":"closed","sticky":false,"template":"","format":"standard","meta":{"_joinchat":[],"footnotes":""},"categories":[18,1,2,3],"tags":[],"class_list":["post-29813","post","type-post","status-publish","format-standard","has-post-thumbnail","hentry","category-almomento","category-boletin","category-estado","category-health"],"_links":{"self":[{"href":"https:\/\/icoinformativo.mx\/home\/index.php?rest_route=\/wp\/v2\/posts\/29813","targetHints":{"allow":["GET"]}}],"collection":[{"href":"https:\/\/icoinformativo.mx\/home\/index.php?rest_route=\/wp\/v2\/posts"}],"about":[{"href":"https:\/\/icoinformativo.mx\/home\/index.php?rest_route=\/wp\/v2\/types\/post"}],"author":[{"embeddable":true,"href":"https:\/\/icoinformativo.mx\/home\/index.php?rest_route=\/wp\/v2\/users\/2"}],"replies":[{"embeddable":true,"href":"https:\/\/icoinformativo.mx\/home\/index.php?rest_route=%2Fwp%2Fv2%2Fcomments&post=29813"}],"version-history":[{"count":1,"href":"https:\/\/icoinformativo.mx\/home\/index.php?rest_route=\/wp\/v2\/posts\/29813\/revisions"}],"predecessor-version":[{"id":29815,"href":"https:\/\/icoinformativo.mx\/home\/index.php?rest_route=\/wp\/v2\/posts\/29813\/revisions\/29815"}],"wp:featuredmedia":[{"embeddable":true,"href":"https:\/\/icoinformativo.mx\/home\/index.php?rest_route=\/wp\/v2\/media\/29814"}],"wp:attachment":[{"href":"https:\/\/icoinformativo.mx\/home\/index.php?rest_route=%2Fwp%2Fv2%2Fmedia&parent=29813"}],"wp:term":[{"taxonomy":"category","embeddable":true,"href":"https:\/\/icoinformativo.mx\/home\/index.php?rest_route=%2Fwp%2Fv2%2Fcategories&post=29813"},{"taxonomy":"post_tag","embeddable":true,"href":"https:\/\/icoinformativo.mx\/home\/index.php?rest_route=%2Fwp%2Fv2%2Ftags&post=29813"}],"curies":[{"name":"wp","href":"https:\/\/api.w.org\/{rel}","templated":true}]}}