{"id":29804,"date":"2025-01-11T03:50:07","date_gmt":"2025-01-11T03:50:07","guid":{"rendered":"https:\/\/icoinformativo.mx\/home\/?p=29804"},"modified":"2025-01-11T03:50:07","modified_gmt":"2025-01-11T03:50:07","slug":"en-solosuchiapa-todo-un-exito-la-celebracion-del-dia-de-reyes","status":"publish","type":"post","link":"https:\/\/icoinformativo.mx\/home\/?p=29804","title":{"rendered":"En Solosuchiapa todo un \u00e9xito la celebraci\u00f3n del D\u00eda de Reyes"},"content":{"rendered":"<p>El H. Ayuntamiento Solosuchiapa presidido por el Ing. Fernando Aparicio G\u00f3mez, en estrecha coordinaci\u00f3n con el DIF municipal, que preside\u00a0 la Lic. Mar\u00eda de la Paz Salcedo Millan, organiz\u00f3 una celebraci\u00f3n inolvidable con motivo del D\u00eda de Reyes.<\/p>\n<p>&nbsp;<\/p>\n<p>Las familias de nuestro municipio se dieron cita para disfrutar de un ambiente lleno de alegr\u00eda, tradici\u00f3n y uni\u00f3n. Durante el evento, los asistentes pudieron disfrutar de actividades recreativas, juegos, rifas y la tradicional Rosca de Reyes, que fue compartida en un esp\u00edritu de convivencia.<\/p>\n<p>&nbsp;<\/p>\n<p>El Ing. Aparicio G\u00f3mez y la Lic. Salcedo Mill\u00e1n expresaron su agradecimiento a los asistentes por su participaci\u00f3n y reafirmaron su compromiso de seguir impulsando acciones que fomenten la uni\u00f3n familiar y las tradiciones culturales.<\/p>\n<p>&nbsp;<\/p>\n<p>Este tipo de actividades reflejan el esfuerzo conjunto entre el gobierno municipal y el DIF para fortalecer los lazos sociales y crear momentos memorables para todos los habitantes.<\/p>\n","protected":false},"excerpt":{"rendered":"<p>El H. Ayuntamiento Solosuchiapa presidido por el Ing. Fernando Aparicio G\u00f3mez, en estrecha coordinaci\u00f3n con&#8230;<\/p>\n","protected":false},"author":2,"featured_media":29805,"comment_status":"closed","ping_status":"closed","sticky":false,"template":"","format":"standard","meta":{"_joinchat":[],"footnotes":""},"categories":[18,1,2,3],"tags":[],"class_list":["post-29804","post","type-post","status-publish","format-standard","has-post-thumbnail","hentry","category-almomento","category-boletin","category-estado","category-health"],"_links":{"self":[{"href":"https:\/\/icoinformativo.mx\/home\/index.php?rest_route=\/wp\/v2\/posts\/29804","targetHints":{"allow":["GET"]}}],"collection":[{"href":"https:\/\/icoinformativo.mx\/home\/index.php?rest_route=\/wp\/v2\/posts"}],"about":[{"href":"https:\/\/icoinformativo.mx\/home\/index.php?rest_route=\/wp\/v2\/types\/post"}],"author":[{"embeddable":true,"href":"https:\/\/icoinformativo.mx\/home\/index.php?rest_route=\/wp\/v2\/users\/2"}],"replies":[{"embeddable":true,"href":"https:\/\/icoinformativo.mx\/home\/index.php?rest_route=%2Fwp%2Fv2%2Fcomments&post=29804"}],"version-history":[{"count":1,"href":"https:\/\/icoinformativo.mx\/home\/index.php?rest_route=\/wp\/v2\/posts\/29804\/revisions"}],"predecessor-version":[{"id":29806,"href":"https:\/\/icoinformativo.mx\/home\/index.php?rest_route=\/wp\/v2\/posts\/29804\/revisions\/29806"}],"wp:featuredmedia":[{"embeddable":true,"href":"https:\/\/icoinformativo.mx\/home\/index.php?rest_route=\/wp\/v2\/media\/29805"}],"wp:attachment":[{"href":"https:\/\/icoinformativo.mx\/home\/index.php?rest_route=%2Fwp%2Fv2%2Fmedia&parent=29804"}],"wp:term":[{"taxonomy":"category","embeddable":true,"href":"https:\/\/icoinformativo.mx\/home\/index.php?rest_route=%2Fwp%2Fv2%2Fcategories&post=29804"},{"taxonomy":"post_tag","embeddable":true,"href":"https:\/\/icoinformativo.mx\/home\/index.php?rest_route=%2Fwp%2Fv2%2Ftags&post=29804"}],"curies":[{"name":"wp","href":"https:\/\/api.w.org\/{rel}","templated":true}]}}