{"id":29801,"date":"2025-01-11T03:45:40","date_gmt":"2025-01-11T03:45:40","guid":{"rendered":"https:\/\/icoinformativo.mx\/home\/?p=29801"},"modified":"2025-01-11T03:45:40","modified_gmt":"2025-01-11T03:45:40","slug":"asiste-alcalde-de-solosuchiapa-a-reunion-de-mesa-de-seguridad-regional-en-pichucalco","status":"publish","type":"post","link":"https:\/\/icoinformativo.mx\/home\/?p=29801","title":{"rendered":"Asiste alcalde de Solosuchiapa a reuni\u00f3n de mesa de seguridad regional en Pichucalco"},"content":{"rendered":"<p>El presidente municipal de Solosuchiapa, Fernando Aparicio G\u00f3mez, particip\u00f3 en la Mesa de Seguridad Regional en la ciudad de Pichucalco, donde se reuni\u00f3 con importantes figuras como el Fiscal General del Estado, Jorge Luis Llaven en Abarca, y el Secretario de Seguridad del Pueblo, \u00d3scar Aparicio.<\/p>\n<p>Esta reuni\u00f3n demuestra el compromiso de Aparicio G\u00f3mez con la seguridad y el bienestar de su municipio y la regi\u00f3n.<\/p>\n<p>Cabe destacar que Aparicio G\u00f3mez ha mostrado un fuerte compromiso con la seguridad y el desarrollo en Solosuchiapa, como se evidencia en su participaci\u00f3n en la instalaci\u00f3n del Consejo de Seguridad P\u00fablica Municipal.<\/p>\n<p>Adem\u00e1s, ha trabajado en estrecha colaboraci\u00f3n con otras autoridades estatales para impulsar el desarrollo en su municipio.<\/p>\n","protected":false},"excerpt":{"rendered":"<p>El presidente municipal de Solosuchiapa, Fernando Aparicio G\u00f3mez, particip\u00f3 en la Mesa de Seguridad Regional&#8230;<\/p>\n","protected":false},"author":2,"featured_media":29802,"comment_status":"closed","ping_status":"closed","sticky":false,"template":"","format":"standard","meta":{"_joinchat":[],"footnotes":""},"categories":[18,1,2,3],"tags":[],"class_list":["post-29801","post","type-post","status-publish","format-standard","has-post-thumbnail","hentry","category-almomento","category-boletin","category-estado","category-health"],"_links":{"self":[{"href":"https:\/\/icoinformativo.mx\/home\/index.php?rest_route=\/wp\/v2\/posts\/29801","targetHints":{"allow":["GET"]}}],"collection":[{"href":"https:\/\/icoinformativo.mx\/home\/index.php?rest_route=\/wp\/v2\/posts"}],"about":[{"href":"https:\/\/icoinformativo.mx\/home\/index.php?rest_route=\/wp\/v2\/types\/post"}],"author":[{"embeddable":true,"href":"https:\/\/icoinformativo.mx\/home\/index.php?rest_route=\/wp\/v2\/users\/2"}],"replies":[{"embeddable":true,"href":"https:\/\/icoinformativo.mx\/home\/index.php?rest_route=%2Fwp%2Fv2%2Fcomments&post=29801"}],"version-history":[{"count":1,"href":"https:\/\/icoinformativo.mx\/home\/index.php?rest_route=\/wp\/v2\/posts\/29801\/revisions"}],"predecessor-version":[{"id":29803,"href":"https:\/\/icoinformativo.mx\/home\/index.php?rest_route=\/wp\/v2\/posts\/29801\/revisions\/29803"}],"wp:featuredmedia":[{"embeddable":true,"href":"https:\/\/icoinformativo.mx\/home\/index.php?rest_route=\/wp\/v2\/media\/29802"}],"wp:attachment":[{"href":"https:\/\/icoinformativo.mx\/home\/index.php?rest_route=%2Fwp%2Fv2%2Fmedia&parent=29801"}],"wp:term":[{"taxonomy":"category","embeddable":true,"href":"https:\/\/icoinformativo.mx\/home\/index.php?rest_route=%2Fwp%2Fv2%2Fcategories&post=29801"},{"taxonomy":"post_tag","embeddable":true,"href":"https:\/\/icoinformativo.mx\/home\/index.php?rest_route=%2Fwp%2Fv2%2Ftags&post=29801"}],"curies":[{"name":"wp","href":"https:\/\/api.w.org\/{rel}","templated":true}]}}