{"id":29795,"date":"2025-01-11T03:02:24","date_gmt":"2025-01-11T03:02:24","guid":{"rendered":"https:\/\/icoinformativo.mx\/home\/?p=29795"},"modified":"2025-01-11T03:02:25","modified_gmt":"2025-01-11T03:02:25","slug":"fgr-obtiene-sentencia-condenatoria-en-contra-de-13-personas-por-diversos-delitos","status":"publish","type":"post","link":"https:\/\/icoinformativo.mx\/home\/?p=29795","title":{"rendered":"FGR OBTIENE SENTENCIA CONDENATORIA EN CONTRA DE 13 PERSONAS POR DIVERSOS DELITOS"},"content":{"rendered":"<p>&nbsp;<\/p>\n<p>La Fiscal\u00eda General de la Rep\u00fablica (FGR), a trav\u00e9s de su Fiscal\u00eda Federal en el Estado de Chiapas, obtuvo sentencia condenatoria en contra de 13 personas por los delitos de portaci\u00f3n de armas de fuego, posesi\u00f3n de cartuchos y cargadores de uso exclusivo de las Fuerzas Armadas.<\/p>\n<p>&nbsp;<\/p>\n<p>De acuerdo con el caso, tras un enfrentamiento en abril de 2024, entre elementos de la Guardia Nacional (GN) y personas armadas en el embarcadero denominado \u201cChalana\u201d, de la colonia Ignacio Zaragoza, en La Concordia, Chiapas, fueron detenidos Rudy \u201cC\u201d, Jorge \u201cC\u201d, Rolando \u201cB\u201d, \u00c1ngel \u201cC\u201d, Edgar \u201cC\u201d, Juan \u201cM\u201d, Tom\u00e1s \u201cP\u201d, Juan \u201cC\u201d, Eduardo \u201cC\u201d, \u00c1ngel \u201cP\u201d, Hugo \u201cC\u201d, Elver \u201cC\u201d y Jos\u00e9 \u201cG\u201d, todos de nacionalidad guatemalteca.<\/p>\n<p>&nbsp;<\/p>\n<p>Asimismo, se aseguraron 22 armas de fuego, 167 cargadores y siete mil 454 cartuchos de diferentes calibres, 13 chalecos t\u00e1cticos y dos veh\u00edculos.<\/p>\n<p>&nbsp;<\/p>\n<p>Posteriormente, se llev\u00f3 a cabo la audiencia intermedia y mediante procedimiento abreviado, el Juez dict\u00f3 sentencia condenatoria de nueve a\u00f1os siete meses seis d\u00edas de prisi\u00f3n para cada uno de ellos por ser penalmente responsables de los delitos mencionados.<\/p>\n","protected":false},"excerpt":{"rendered":"<p>&nbsp; La Fiscal\u00eda General de la Rep\u00fablica (FGR), a trav\u00e9s de su Fiscal\u00eda Federal en&#8230;<\/p>\n","protected":false},"author":2,"featured_media":29796,"comment_status":"closed","ping_status":"closed","sticky":false,"template":"","format":"standard","meta":{"_joinchat":[],"footnotes":""},"categories":[18,1,2,3],"tags":[],"class_list":["post-29795","post","type-post","status-publish","format-standard","has-post-thumbnail","hentry","category-almomento","category-boletin","category-estado","category-health"],"_links":{"self":[{"href":"https:\/\/icoinformativo.mx\/home\/index.php?rest_route=\/wp\/v2\/posts\/29795","targetHints":{"allow":["GET"]}}],"collection":[{"href":"https:\/\/icoinformativo.mx\/home\/index.php?rest_route=\/wp\/v2\/posts"}],"about":[{"href":"https:\/\/icoinformativo.mx\/home\/index.php?rest_route=\/wp\/v2\/types\/post"}],"author":[{"embeddable":true,"href":"https:\/\/icoinformativo.mx\/home\/index.php?rest_route=\/wp\/v2\/users\/2"}],"replies":[{"embeddable":true,"href":"https:\/\/icoinformativo.mx\/home\/index.php?rest_route=%2Fwp%2Fv2%2Fcomments&post=29795"}],"version-history":[{"count":1,"href":"https:\/\/icoinformativo.mx\/home\/index.php?rest_route=\/wp\/v2\/posts\/29795\/revisions"}],"predecessor-version":[{"id":29797,"href":"https:\/\/icoinformativo.mx\/home\/index.php?rest_route=\/wp\/v2\/posts\/29795\/revisions\/29797"}],"wp:featuredmedia":[{"embeddable":true,"href":"https:\/\/icoinformativo.mx\/home\/index.php?rest_route=\/wp\/v2\/media\/29796"}],"wp:attachment":[{"href":"https:\/\/icoinformativo.mx\/home\/index.php?rest_route=%2Fwp%2Fv2%2Fmedia&parent=29795"}],"wp:term":[{"taxonomy":"category","embeddable":true,"href":"https:\/\/icoinformativo.mx\/home\/index.php?rest_route=%2Fwp%2Fv2%2Fcategories&post=29795"},{"taxonomy":"post_tag","embeddable":true,"href":"https:\/\/icoinformativo.mx\/home\/index.php?rest_route=%2Fwp%2Fv2%2Ftags&post=29795"}],"curies":[{"name":"wp","href":"https:\/\/api.w.org\/{rel}","templated":true}]}}