{"id":29789,"date":"2025-01-11T02:53:50","date_gmt":"2025-01-11T02:53:50","guid":{"rendered":"https:\/\/icoinformativo.mx\/home\/?p=29789"},"modified":"2025-01-11T02:53:50","modified_gmt":"2025-01-11T02:53:50","slug":"ayuntamiento-de-reforma-invita-al-festival-cultural-por-la-celebracion-de-los-142-anos-de-fundacion-del-municipio","status":"publish","type":"post","link":"https:\/\/icoinformativo.mx\/home\/?p=29789","title":{"rendered":"Ayuntamiento de Reforma invita al Festival cultural por la celebraci\u00f3n de los 142 a\u00f1os de fundaci\u00f3n del municipio"},"content":{"rendered":"<p>El Ayuntamiento de Reforma, Chiapas, encabezado por Pedro Ram\u00edrez, te invita a unirte a las celebraciones del 142\u00ba aniversario de la fundaci\u00f3n del municipio. Se llevar\u00e1 a cabo un festival cultural el lunes 13 de enero a las 5:00 p.m. en el Parque Central Benito Ju\u00e1rez.<\/p>\n<p>&nbsp;<\/p>\n<p>Es una excelente oportunidad para compartir con tu familia y celebrar la riqueza cultural de la regi\u00f3n. \u00a1No te pierdas esta emocionante celebraci\u00f3n!<\/p>\n","protected":false},"excerpt":{"rendered":"<p>El Ayuntamiento de Reforma, Chiapas, encabezado por Pedro Ram\u00edrez, te invita a unirte a las&#8230;<\/p>\n","protected":false},"author":2,"featured_media":29790,"comment_status":"closed","ping_status":"closed","sticky":false,"template":"","format":"standard","meta":{"_joinchat":[],"footnotes":""},"categories":[18,1,2,3],"tags":[],"class_list":["post-29789","post","type-post","status-publish","format-standard","has-post-thumbnail","hentry","category-almomento","category-boletin","category-estado","category-health"],"_links":{"self":[{"href":"https:\/\/icoinformativo.mx\/home\/index.php?rest_route=\/wp\/v2\/posts\/29789","targetHints":{"allow":["GET"]}}],"collection":[{"href":"https:\/\/icoinformativo.mx\/home\/index.php?rest_route=\/wp\/v2\/posts"}],"about":[{"href":"https:\/\/icoinformativo.mx\/home\/index.php?rest_route=\/wp\/v2\/types\/post"}],"author":[{"embeddable":true,"href":"https:\/\/icoinformativo.mx\/home\/index.php?rest_route=\/wp\/v2\/users\/2"}],"replies":[{"embeddable":true,"href":"https:\/\/icoinformativo.mx\/home\/index.php?rest_route=%2Fwp%2Fv2%2Fcomments&post=29789"}],"version-history":[{"count":1,"href":"https:\/\/icoinformativo.mx\/home\/index.php?rest_route=\/wp\/v2\/posts\/29789\/revisions"}],"predecessor-version":[{"id":29791,"href":"https:\/\/icoinformativo.mx\/home\/index.php?rest_route=\/wp\/v2\/posts\/29789\/revisions\/29791"}],"wp:featuredmedia":[{"embeddable":true,"href":"https:\/\/icoinformativo.mx\/home\/index.php?rest_route=\/wp\/v2\/media\/29790"}],"wp:attachment":[{"href":"https:\/\/icoinformativo.mx\/home\/index.php?rest_route=%2Fwp%2Fv2%2Fmedia&parent=29789"}],"wp:term":[{"taxonomy":"category","embeddable":true,"href":"https:\/\/icoinformativo.mx\/home\/index.php?rest_route=%2Fwp%2Fv2%2Fcategories&post=29789"},{"taxonomy":"post_tag","embeddable":true,"href":"https:\/\/icoinformativo.mx\/home\/index.php?rest_route=%2Fwp%2Fv2%2Ftags&post=29789"}],"curies":[{"name":"wp","href":"https:\/\/api.w.org\/{rel}","templated":true}]}}