{"id":29786,"date":"2025-01-11T02:45:52","date_gmt":"2025-01-11T02:45:52","guid":{"rendered":"https:\/\/icoinformativo.mx\/home\/?p=29786"},"modified":"2025-01-11T02:45:52","modified_gmt":"2025-01-11T02:45:52","slug":"amancio-federico-lucas-hernandez-participo-en-la-mesa-de-construccion-de-paz-y-seguridad","status":"publish","type":"post","link":"https:\/\/icoinformativo.mx\/home\/?p=29786","title":{"rendered":"Amancio Federico Lucas Hern\u00e1ndez particip\u00f3 en la Mesa de Construcci\u00f3n de Paz y Seguridad"},"content":{"rendered":"<p>El presidente municipal, Lic. Amancio Federico Lucas Hern\u00e1ndez, particip\u00f3 en la Mesa de Construcci\u00f3n de Paz y Seguridad en Pichucalco, con el objetivo de reforzar las acciones entre los tres \u00f3rdenes de gobierno para propiciar la gobernabilidad y la tranquilidad de las familias en la regi\u00f3n Norte del estado.<\/p>\n<p>Esta iniciativa sigue las directrices del gobernador Eduardo Ram\u00edrez y cuenta con la presencia del Secretario de Seguridad del estado de Chiapas y el Fiscal General del Estado.<\/p>\n","protected":false},"excerpt":{"rendered":"<p>El presidente municipal, Lic. Amancio Federico Lucas Hern\u00e1ndez, particip\u00f3 en la Mesa de Construcci\u00f3n de&#8230;<\/p>\n","protected":false},"author":2,"featured_media":29787,"comment_status":"closed","ping_status":"closed","sticky":false,"template":"","format":"standard","meta":{"_joinchat":[],"footnotes":""},"categories":[18,1,2,3],"tags":[],"class_list":["post-29786","post","type-post","status-publish","format-standard","has-post-thumbnail","hentry","category-almomento","category-boletin","category-estado","category-health"],"_links":{"self":[{"href":"https:\/\/icoinformativo.mx\/home\/index.php?rest_route=\/wp\/v2\/posts\/29786","targetHints":{"allow":["GET"]}}],"collection":[{"href":"https:\/\/icoinformativo.mx\/home\/index.php?rest_route=\/wp\/v2\/posts"}],"about":[{"href":"https:\/\/icoinformativo.mx\/home\/index.php?rest_route=\/wp\/v2\/types\/post"}],"author":[{"embeddable":true,"href":"https:\/\/icoinformativo.mx\/home\/index.php?rest_route=\/wp\/v2\/users\/2"}],"replies":[{"embeddable":true,"href":"https:\/\/icoinformativo.mx\/home\/index.php?rest_route=%2Fwp%2Fv2%2Fcomments&post=29786"}],"version-history":[{"count":1,"href":"https:\/\/icoinformativo.mx\/home\/index.php?rest_route=\/wp\/v2\/posts\/29786\/revisions"}],"predecessor-version":[{"id":29788,"href":"https:\/\/icoinformativo.mx\/home\/index.php?rest_route=\/wp\/v2\/posts\/29786\/revisions\/29788"}],"wp:featuredmedia":[{"embeddable":true,"href":"https:\/\/icoinformativo.mx\/home\/index.php?rest_route=\/wp\/v2\/media\/29787"}],"wp:attachment":[{"href":"https:\/\/icoinformativo.mx\/home\/index.php?rest_route=%2Fwp%2Fv2%2Fmedia&parent=29786"}],"wp:term":[{"taxonomy":"category","embeddable":true,"href":"https:\/\/icoinformativo.mx\/home\/index.php?rest_route=%2Fwp%2Fv2%2Fcategories&post=29786"},{"taxonomy":"post_tag","embeddable":true,"href":"https:\/\/icoinformativo.mx\/home\/index.php?rest_route=%2Fwp%2Fv2%2Ftags&post=29786"}],"curies":[{"name":"wp","href":"https:\/\/api.w.org\/{rel}","templated":true}]}}