{"id":29783,"date":"2025-01-11T02:42:15","date_gmt":"2025-01-11T02:42:15","guid":{"rendered":"https:\/\/icoinformativo.mx\/home\/?p=29783"},"modified":"2025-01-11T02:42:15","modified_gmt":"2025-01-11T02:42:15","slug":"se-suma-canirac-al-programa-de-alfabetizacion-chiapas-puede","status":"publish","type":"post","link":"https:\/\/icoinformativo.mx\/home\/?p=29783","title":{"rendered":"Se suma Canirac al Programa de Alfabetizaci\u00f3n \u201cChiapas Puede\u201d"},"content":{"rendered":"<p>&nbsp;<\/p>\n<p>\u00b7 Funge secretario de Educaci\u00f3n como testigo en la firma de un convenio el entre Icheja y la Canirac<\/p>\n<p>\u00b7 Estuvieron presentes en este encuentro, los representantes de la Canaco, Canacintra y Canacar<\/p>\n<p>&nbsp;<\/p>\n<p>Tuxtla Guti\u00e9rrez.\u2013 Seremos un ejemplo puntual, no por jactancia, sino como un deber de la conciencia y de la justicia, comparti\u00f3 el secretario de Educaci\u00f3n, Roger Mandujano Ayala, al fungir como testigo de la firma de un convenio de colaboraci\u00f3n institucional entre el Instituto Chiapaneco de Educaci\u00f3n para J\u00f3venes y Adultos (Icheja) y la C\u00e1mara Nacional de la Industria de Restaurantes y Alimentos Condimentados (Canirac).<\/p>\n<p>&nbsp;<\/p>\n<p>\u201cTodos queremos un cambio y a todos nos conviene que a Chiapas le vaya bien, pues qu\u00e9 les parece que para que eso pase elevemos primeramente la calidad de vida, de trabajo y sumemos todos juntos; por eso les pregunto, \u00bfest\u00e1n dispuestos a convertir a sus empresas y espacios comerciales en lugares en los que promuevan la alfabetizaci\u00f3n?\u201d, cuestion\u00f3 el titular.<\/p>\n<p>&nbsp;<\/p>\n<p>\ufffdTras recibir al un\u00edsono una respuesta en\u00e9rgicamente positiva por parte del empresariado; Mandujano Ayala detall\u00f3 que primero trabajar\u00e1n en el proceso de alfabetizaci\u00f3n, para posteriormente hacerlo en los niveles de primaria, secundaria, preparatoria y universidades, \u201ces un proceso largo, pero alguien tiene que dar el primer paso, y ese primer paso va a ser de parte del pueblo, y ser\u00e1 un paso gigante porque es un gran reto, pero estoy seguro de que lo vamos a lograr si ustedes nos ayudan\u201d, recalc\u00f3.<\/p>\n<p>&nbsp;<\/p>\n<p>El presidente de la Canirac, Guillermo Acero Bustamante, record\u00f3 que la c\u00e1mara que preside tiene dos l\u00edneas de trabajo estrat\u00e9gicas: una es el conocimiento a trav\u00e9s de talleres, cursos, capacitaciones, y pr\u00f3ximamente mediante lo que ser\u00e1 el primer diplomado que habr\u00e1 en Chiapas en la Direcci\u00f3n de Restaurantes en colaboraci\u00f3n con la Universidad de Ciencias y Artes de Chiapas (Unicach).<\/p>\n<p>&nbsp;<\/p>\n<p>Y la segunda l\u00ednea estrat\u00e9gica, detall\u00f3, es la responsabilidad social \u201cen este convenio que precisamente se est\u00e1 firmando hoy, se cumplen las dos l\u00edneas estrat\u00e9gicas de la Canirac; consideramos que en este nuevo modelo que tiene el gobernador junto al secretario de Educaci\u00f3n, es importante tomar en cuenta a todos los sectores de la sociedad para lograr un mayor impacto, por lo que nos sumamos gustosos con todo para sacar adelante este proyecto, que sabemos no es tarea f\u00e1cil, pero entre todos no hay duda que lo lograremos\u201d.<\/p>\n<p>&nbsp;<\/p>\n<p>El director del Icheja, Sergio David Molina G\u00f3mez, agradeci\u00f3 el c\u00e1lido recibimiento y la presencia de los afiliados a la Canirac ah\u00ed presentes, haciendo referencia que este d\u00eda deber\u00e1 quedar en la memoria y corazones de todos, puesto que, a pesar de que ya se han realizado este tipo de convenios con esta c\u00e1mara, hoy se debe de aprovechar que se tiene al frente del Gobierno del Estado a Eduardo Ram\u00edrez, un gobernador con visi\u00f3n humanista y transformadora.<\/p>\n<p>&nbsp;<\/p>\n<p>\u201cNo es suficiente el esfuerzo del gobierno y de sus instituciones, por eso necesitamos concientizar al pueblo de Chiapas, necesitamos que la sociedad civil pueda participar en este gran programa. Sabemos que todos ustedes son l\u00edderes, representan a un gremio y a familias que tienen trabajadores, y que conocen personas que a lo mejor se encuentran en ese estado de no saber leer y escribir, entonces vamos a alfabetizar a Chiapas todos juntos\u201d, recalc\u00f3.<\/p>\n<p>&nbsp;<\/p>\n<p>Cabe destacar que, durante este encuentro, estuvieron presentes: Miguel \u00c1ngel Blas, de la C\u00e1mara Nacional de Comercio, Servicios y Turismo (Canaco-Servytur); Jos\u00e9 Francisco Lazos Morales, de la C\u00e1mara Nacional de la Industria de Transformaci\u00f3n (Canacintra); y Raquel Gordillo Cano, de la C\u00e1mara Nacional del Autotransporte de Carga (Canacar).<\/p>\n","protected":false},"excerpt":{"rendered":"<p>&nbsp; \u00b7 Funge secretario de Educaci\u00f3n como testigo en la firma de un convenio el&#8230;<\/p>\n","protected":false},"author":2,"featured_media":29784,"comment_status":"closed","ping_status":"closed","sticky":false,"template":"","format":"standard","meta":{"_joinchat":[],"footnotes":""},"categories":[1,2,3],"tags":[],"class_list":["post-29783","post","type-post","status-publish","format-standard","has-post-thumbnail","hentry","category-boletin","category-estado","category-health"],"_links":{"self":[{"href":"https:\/\/icoinformativo.mx\/home\/index.php?rest_route=\/wp\/v2\/posts\/29783","targetHints":{"allow":["GET"]}}],"collection":[{"href":"https:\/\/icoinformativo.mx\/home\/index.php?rest_route=\/wp\/v2\/posts"}],"about":[{"href":"https:\/\/icoinformativo.mx\/home\/index.php?rest_route=\/wp\/v2\/types\/post"}],"author":[{"embeddable":true,"href":"https:\/\/icoinformativo.mx\/home\/index.php?rest_route=\/wp\/v2\/users\/2"}],"replies":[{"embeddable":true,"href":"https:\/\/icoinformativo.mx\/home\/index.php?rest_route=%2Fwp%2Fv2%2Fcomments&post=29783"}],"version-history":[{"count":1,"href":"https:\/\/icoinformativo.mx\/home\/index.php?rest_route=\/wp\/v2\/posts\/29783\/revisions"}],"predecessor-version":[{"id":29785,"href":"https:\/\/icoinformativo.mx\/home\/index.php?rest_route=\/wp\/v2\/posts\/29783\/revisions\/29785"}],"wp:featuredmedia":[{"embeddable":true,"href":"https:\/\/icoinformativo.mx\/home\/index.php?rest_route=\/wp\/v2\/media\/29784"}],"wp:attachment":[{"href":"https:\/\/icoinformativo.mx\/home\/index.php?rest_route=%2Fwp%2Fv2%2Fmedia&parent=29783"}],"wp:term":[{"taxonomy":"category","embeddable":true,"href":"https:\/\/icoinformativo.mx\/home\/index.php?rest_route=%2Fwp%2Fv2%2Fcategories&post=29783"},{"taxonomy":"post_tag","embeddable":true,"href":"https:\/\/icoinformativo.mx\/home\/index.php?rest_route=%2Fwp%2Fv2%2Ftags&post=29783"}],"curies":[{"name":"wp","href":"https:\/\/api.w.org\/{rel}","templated":true}]}}