{"id":29780,"date":"2025-01-11T02:40:11","date_gmt":"2025-01-11T02:40:11","guid":{"rendered":"https:\/\/icoinformativo.mx\/home\/?p=29780"},"modified":"2025-01-11T02:40:11","modified_gmt":"2025-01-11T02:40:11","slug":"primera-caminata-nocturna-2025-en-pichucalco","status":"publish","type":"post","link":"https:\/\/icoinformativo.mx\/home\/?p=29780","title":{"rendered":"Primera Caminata Nocturna 2025 en Pichucalco"},"content":{"rendered":"<p>&nbsp;<\/p>\n<p>El Gobierno Municipal de Pichucalco, a trav\u00e9s del \u00e1rea de Deporte y en coordinaci\u00f3n con la instructora Anselma S\u00e1nchez Sangeado, del club ZumbaRunn, llevaron a cabo con gran \u00e9xito la primera Caminata Nocturna 2025. En este evento inaugural, que reuni\u00f3 a 51 entusiastas corredores, en donde se vivi\u00f3 un ambiente de alegr\u00eda y entusiasmo.<\/p>\n<p>&nbsp;<\/p>\n<p>El Presidente Municipal de Pichucalco, Mtro. Andr\u00e9s Carballo C\u00f3rdova, tiene un gran inter\u00e9s en incentivar el deporte en la comunidad, promoviendo actividades que fomentan el bienestar y la salud de los ciudadanos.<\/p>\n<p>&nbsp;<\/p>\n<p>La instructora Anselma S\u00e1nchez, agradeci\u00f3 al Presidente Municipal por el apoyo brindado e invit\u00f3 a todos los ciudadanos a sumarse a estas caminatas, destacando los beneficios de participar en actividades f\u00edsicas y de esparcimiento.<\/p>\n<p>&nbsp;<\/p>\n<p>Acciones que Contribuyen al Cambio.<\/p>\n","protected":false},"excerpt":{"rendered":"<p>&nbsp; El Gobierno Municipal de Pichucalco, a trav\u00e9s del \u00e1rea de Deporte y en coordinaci\u00f3n&#8230;<\/p>\n","protected":false},"author":2,"featured_media":29781,"comment_status":"closed","ping_status":"closed","sticky":false,"template":"","format":"standard","meta":{"_joinchat":[],"footnotes":""},"categories":[1,2,3],"tags":[],"class_list":["post-29780","post","type-post","status-publish","format-standard","has-post-thumbnail","hentry","category-boletin","category-estado","category-health"],"_links":{"self":[{"href":"https:\/\/icoinformativo.mx\/home\/index.php?rest_route=\/wp\/v2\/posts\/29780","targetHints":{"allow":["GET"]}}],"collection":[{"href":"https:\/\/icoinformativo.mx\/home\/index.php?rest_route=\/wp\/v2\/posts"}],"about":[{"href":"https:\/\/icoinformativo.mx\/home\/index.php?rest_route=\/wp\/v2\/types\/post"}],"author":[{"embeddable":true,"href":"https:\/\/icoinformativo.mx\/home\/index.php?rest_route=\/wp\/v2\/users\/2"}],"replies":[{"embeddable":true,"href":"https:\/\/icoinformativo.mx\/home\/index.php?rest_route=%2Fwp%2Fv2%2Fcomments&post=29780"}],"version-history":[{"count":1,"href":"https:\/\/icoinformativo.mx\/home\/index.php?rest_route=\/wp\/v2\/posts\/29780\/revisions"}],"predecessor-version":[{"id":29782,"href":"https:\/\/icoinformativo.mx\/home\/index.php?rest_route=\/wp\/v2\/posts\/29780\/revisions\/29782"}],"wp:featuredmedia":[{"embeddable":true,"href":"https:\/\/icoinformativo.mx\/home\/index.php?rest_route=\/wp\/v2\/media\/29781"}],"wp:attachment":[{"href":"https:\/\/icoinformativo.mx\/home\/index.php?rest_route=%2Fwp%2Fv2%2Fmedia&parent=29780"}],"wp:term":[{"taxonomy":"category","embeddable":true,"href":"https:\/\/icoinformativo.mx\/home\/index.php?rest_route=%2Fwp%2Fv2%2Fcategories&post=29780"},{"taxonomy":"post_tag","embeddable":true,"href":"https:\/\/icoinformativo.mx\/home\/index.php?rest_route=%2Fwp%2Fv2%2Ftags&post=29780"}],"curies":[{"name":"wp","href":"https:\/\/api.w.org\/{rel}","templated":true}]}}