{"id":29771,"date":"2025-01-11T02:25:39","date_gmt":"2025-01-11T02:25:39","guid":{"rendered":"https:\/\/icoinformativo.mx\/home\/?p=29771"},"modified":"2025-01-11T02:25:39","modified_gmt":"2025-01-11T02:25:39","slug":"instituto-del-deporte-pone-en-marcha-talento-chiapas","status":"publish","type":"post","link":"https:\/\/icoinformativo.mx\/home\/?p=29771","title":{"rendered":"Instituto del Deporte pone en marcha \u201cTalento Chiapas\u201d"},"content":{"rendered":"<p>&nbsp;<\/p>\n<p>\u00b7 El director general del Indeporte, Adona\u00ed S\u00e1nchez Osorio encabez\u00f3 la conferencia de prensa para presentar el proyecto<\/p>\n<p>\u00b7 Franco Faustino Arizala ser\u00e1 el encargado de la iniciativa, que pretende detectar a las j\u00f3venes promesas del futbol en la entidad<\/p>\n<p>&nbsp;<\/p>\n<p>El director general del Instituto del Deporte (Indeporte), Adona\u00ed S\u00e1nchez Osorio, present\u00f3 ante los medios deportivos de Chiapas el proyecto \u201cTalento Chiapas\u201d, visorias de futbol soccer.<\/p>\n<p>&nbsp;<\/p>\n<p>S\u00e1nchez Osorio, quien estuvo acompa\u00f1ado en la presentaci\u00f3n por Jos\u00e9 Isabel Gallegos, presidente de la Asociaci\u00f3n de F\u00fatbol Amateur de Chiapas (Afuchac); Alexia Espinoza, futbolista profesional; Franco Arizala, representante del proyecto y Marco Valverde del cuerpo t\u00e9cnico, se\u00f1al\u00f3 que este proyecto pretende detectar a las j\u00f3venes promesas del deporte en la entidad en la rama femenil y varonil de las categor\u00edas 2012, 2011 y 2010.<\/p>\n<p>&nbsp;<\/p>\n<p>Indic\u00f3 que el objetivo de este plan es la masificaci\u00f3n del deporte, al ser el futbol soccer uno de los deportes que m\u00e1s se practican en el estado, se inicia con esta disciplina.<\/p>\n<p>&nbsp;<\/p>\n<p>El titular del Indeporte subray\u00f3 que en la Nueva ERA del deporte todas las disciplinas son importantes, siendo los Juegos Conade y Deporte Escolar los eventos que m\u00e1s \u00e9nfasis tendr\u00e1n.<\/p>\n<p>&nbsp;<\/p>\n<p>Talento Chiapas est\u00e1 enfocado en la participaci\u00f3n de ni\u00f1as y ni\u00f1os de todo el estado, dijo Franco Faustino Arizala Hurtado, encargado del proyecto, para ello estar\u00e1 acompa\u00f1ado por Jonathan Orozco, Santiago Altamira, Gustavo Jim\u00e9nez y Alexia Espinoza, \u00e9sta \u00faltima encargada de la rama femenil.<\/p>\n<p>&nbsp;<\/p>\n<p>Talento Chiapas est\u00e1 dirigido a ni\u00f1os y ni\u00f1as de las categor\u00edas 2012, 2011 y 2010, varonil matutino y femenil vespertino.<\/p>\n<p>Dichas visorias se realizar\u00e1n en cuatro ciudades, Tuxtla, Tapachula, Tonal\u00e1 y Comit\u00e1n. Para la capital del estado se realizar\u00e1n el 17 y 18 de enero, posteriormente el 15 y 16 de agosto, con sede en el Estadio \u201cLa Flor del Sosp\u00f3\u201d; para Tapachula 21 y 22 de febrero y 18 y 19 de julio en el Estadio \u201cOl\u00edmpico de Tapachula; Tonal\u00e1 21 y 22 de marzo y 19 y 20 de septiembre en el Estadio Municipal; para Comit\u00e1n se han establecido los d\u00edas 11 y 12 de abril y 17 y 18 de octubre en la Unidad Deportiva Municipal.<\/p>\n<p>&nbsp;<\/p>\n<p>El campamento final se llevar\u00e1 a cabo en la capital del estado los d\u00edas 6 y 9 de mayo y 7 y 8 de noviembre, con sede en el Estadio \u201cLa Flor del Sosp\u00f3\u201d.<\/p>\n<p>&nbsp;<\/p>\n<p>Durante la presentaci\u00f3n del proyecto dieron a conocer que los requisitos para las ni\u00f1as y ni\u00f1os es presentarse con short y playera blanca, adem\u00e1s de copia de acta de nacimiento y CURP. Para inscripciones y m\u00e1s informaci\u00f3n, deber\u00e1n escribir al WhatsApp 961 762 3745.<\/p>\n","protected":false},"excerpt":{"rendered":"<p>&nbsp; \u00b7 El director general del Indeporte, Adona\u00ed S\u00e1nchez Osorio encabez\u00f3 la conferencia de prensa&#8230;<\/p>\n","protected":false},"author":2,"featured_media":29772,"comment_status":"closed","ping_status":"closed","sticky":false,"template":"","format":"standard","meta":{"_joinchat":[],"footnotes":""},"categories":[18,1,2,3],"tags":[],"class_list":["post-29771","post","type-post","status-publish","format-standard","has-post-thumbnail","hentry","category-almomento","category-boletin","category-estado","category-health"],"_links":{"self":[{"href":"https:\/\/icoinformativo.mx\/home\/index.php?rest_route=\/wp\/v2\/posts\/29771","targetHints":{"allow":["GET"]}}],"collection":[{"href":"https:\/\/icoinformativo.mx\/home\/index.php?rest_route=\/wp\/v2\/posts"}],"about":[{"href":"https:\/\/icoinformativo.mx\/home\/index.php?rest_route=\/wp\/v2\/types\/post"}],"author":[{"embeddable":true,"href":"https:\/\/icoinformativo.mx\/home\/index.php?rest_route=\/wp\/v2\/users\/2"}],"replies":[{"embeddable":true,"href":"https:\/\/icoinformativo.mx\/home\/index.php?rest_route=%2Fwp%2Fv2%2Fcomments&post=29771"}],"version-history":[{"count":1,"href":"https:\/\/icoinformativo.mx\/home\/index.php?rest_route=\/wp\/v2\/posts\/29771\/revisions"}],"predecessor-version":[{"id":29773,"href":"https:\/\/icoinformativo.mx\/home\/index.php?rest_route=\/wp\/v2\/posts\/29771\/revisions\/29773"}],"wp:featuredmedia":[{"embeddable":true,"href":"https:\/\/icoinformativo.mx\/home\/index.php?rest_route=\/wp\/v2\/media\/29772"}],"wp:attachment":[{"href":"https:\/\/icoinformativo.mx\/home\/index.php?rest_route=%2Fwp%2Fv2%2Fmedia&parent=29771"}],"wp:term":[{"taxonomy":"category","embeddable":true,"href":"https:\/\/icoinformativo.mx\/home\/index.php?rest_route=%2Fwp%2Fv2%2Fcategories&post=29771"},{"taxonomy":"post_tag","embeddable":true,"href":"https:\/\/icoinformativo.mx\/home\/index.php?rest_route=%2Fwp%2Fv2%2Ftags&post=29771"}],"curies":[{"name":"wp","href":"https:\/\/api.w.org\/{rel}","templated":true}]}}