{"id":29765,"date":"2025-01-11T02:17:23","date_gmt":"2025-01-11T02:17:23","guid":{"rendered":"https:\/\/icoinformativo.mx\/home\/?p=29765"},"modified":"2025-01-11T02:17:23","modified_gmt":"2025-01-11T02:17:23","slug":"congreso-del-estado-eleva-a-rango-constitucional-las-consultas-populares","status":"publish","type":"post","link":"https:\/\/icoinformativo.mx\/home\/?p=29765","title":{"rendered":"*Congreso del Estado eleva a rango constitucional las consultas populares*"},"content":{"rendered":"<p>&nbsp;<\/p>\n<p>*Con esta aprobaci\u00f3n, se reconoce la participaci\u00f3n efectiva de la sociedad en las decisiones en beneficio de su entorno social.<\/p>\n<p>&nbsp;<\/p>\n<p>Tuxtla Guti\u00e9rrez, Chiapas; 10 de enero de 2025.- En sesi\u00f3n extraordinaria, presidida por el diputado Luis Ignacio Avenda\u00f1o Berm\u00fadez, el pleno de la Sexag\u00e9sima Novena Legislatura determin\u00f3 aprobar el dictamen de la Iniciativa de Decreto por el que se adiciona la Fracci\u00f3n VIII al Art\u00edculo 22 de la Constituci\u00f3n Pol\u00edtica del Estado de Chiapas, elevando a rango constitucional las consultas populares.<\/p>\n<p>&nbsp;<\/p>\n<p>Para exponer sus argumentos a favor de dicha Iniciativa, abordaron tribuna las diputadas Getseman\u00ed Moreno Mart\u00ednez y Marcela Castillo Atristain, quienes coincidieron en que en las consulta ciudadanas permitir\u00e1 que la voz de las y los chiapanecos sea escuchada, pues de esta manera se construye ciudadan\u00eda con humanismo que transforma.<\/p>\n<p>&nbsp;<\/p>\n<p>La reforma permitir\u00e1 avanzar en una democracia m\u00e1s \u00e1gil, cercana, accesible y sobre todo, efectiva; adem\u00e1s, que tiene propuesto reconocer y consolidar el derecho de las y los chiapanecos a participar efectivamente en las decisiones en beneficio del entorno social y personal. Por lo que con esta modificaci\u00f3n constitucional materializa, se da paso a un derecho fundamental que ahora queda formalmente en rango constitucional.<\/p>\n<p>&nbsp;<\/p>\n<p>Las diputadas se\u00f1alaron que la iniciativa que hoy qued\u00f3 aprobada brindar\u00e1 transparencia, educaci\u00f3n c\u00edvica, inclusi\u00f3n, representatividad y pol\u00edticas p\u00fablicas, aterrizadas a las necesidades del pueblo.<\/p>\n<p>&nbsp;<\/p>\n<p>Durante la sesi\u00f3n del Primer Periodo Extraordinario de Sesiones, correspondiente al Primer Receso del Primer A\u00f1o de Ejercicio Constitucional de la Sexag\u00e9sima Novena Legislatura, se dio tr\u00e1mite a los siguientes dict\u00e1menes emitidos por las comisiones parlamentarias:<\/p>\n<p>&nbsp;<\/p>\n<p>-Iniciativa de decreto por el que se reforman y adicionan diversas disposiciones de la Ley de Educaci\u00f3n de Chiapas. Para ello, abord\u00f3 tribuna la diputada Silvia Esther Arguello Garc\u00eda.<\/p>\n<p>&nbsp;<\/p>\n<p>-Iniciativa de decreto por el que se reforman y adicionan diversas disposiciones de la Ley del Colegio de Bachilleres de Chiapas.<\/p>\n<p>&nbsp;<\/p>\n<p>-Iniciativa de decreto por el que se reforman diversas disposiciones de la Ley que crea el Instituto del Caf\u00e9 de Chiapas. Para argumentar a favor del dictamen, abord\u00f3 tribuna la diputada Maritza Molina Molina, quien dijo que con ello se beneficiar\u00e1 el desarrollo del sector y se impulsar\u00e1 la econom\u00eda de los productores.<\/p>\n<p>&nbsp;<\/p>\n<p>-Iniciativa de decreto por el que se crea la Agencia Digital Tecnol\u00f3gica del Estado. Aqu\u00ed particip\u00f3 en tribuna la diputada Ana Karen Ruiz Couti\u00f1o, quien se\u00f1al\u00f3 que esta Iniciativa es un compromiso con la transformaci\u00f3n digital, la innovaci\u00f3n y la eficiencia y que con esta dependencia, Chiapas ser\u00e1 escenario tecnol\u00f3gico acorde a los retos del Siglo XXI.<\/p>\n<p>&nbsp;<\/p>\n<p>-Iniciativa de decreto por el que se reforman y derogan diversas disposiciones de la Ley que Establece las Bases de Operaci\u00f3n de la Secretar\u00eda de Seguridad del Pueblo del Estado de Chiapas. Para exponer sus argumentos a favor, el diputado Javier Jim\u00e9nez JIm\u00e9nez particip\u00f3 en tribuna solicitando el voto de sus hom\u00f3logos.<\/p>\n<p>&nbsp;<\/p>\n<p>-Iniciativa de decreto por el que se reforman diversas disposiciones de la Ley Org\u00e1nica de la Administraci\u00f3n P\u00fablica del Estado de Chiapas.<\/p>\n<p>&nbsp;<\/p>\n<p>-Iniciativa de decreto por el que se crea la Comisi\u00f3n de Caminos e Infraestructura Hidr\u00e1ulica. Con esta aprobaci\u00f3n se cumple con uno de los puntos en materia hidr\u00e1ulica de la agenda nacional de la presidenta de la Rep\u00fablica Claudia Sheimbaun Pardo, se\u00f1al\u00f3 la diputada Alejandra G\u00f3mez Mendoza, quien argument\u00f3 a favor.<\/p>\n<p>&nbsp;<\/p>\n<p>-Propuesta para la reintegraci\u00f3n de las Comisiones, una iniciativa del diputado Mario Guillen Guill\u00e9n, presidente de la Junta de Coordinaci\u00f3n Pol\u00edtica, en donde se aprob\u00f3 que las vacantes sean ocupadas por el diputado H\u00e9ctor Leonel Paniagua Guzm\u00e1n; por lo anterior, se le asignaron la presidencia de la Comisi\u00f3n de Asuntos Religiosos; vicepresidencia de la Comisi\u00f3n de Desarrollo Rural; secretar\u00eda de la Comisi\u00f3n de Poblaci\u00f3n y Movilidad Humana; vocal\u00eda de la Comisi\u00f3n de Pesca y Acuacultura; vocal\u00eda de la Comisi\u00f3n del Caf\u00e9; vocal\u00eda de la Comisi\u00f3n de Medio Ambiente Ecolog\u00eda y Cambio Clim\u00e1tico; y vocal\u00eda de la Comisi\u00f3n de Protecci\u00f3n Civil de la Sexag\u00e9sima Novena Legislatura.<\/p>\n<p>&nbsp;<\/p>\n<p>Finalmente, el presidente de la Mesa Directiva, Luis Ignacio Avenda\u00f1o Bermudez, declar\u00f3 clausurados los trabajos del Primer Periodo Extraordinario de Sesiones, correspondiente al Primer Receso del Primer A\u00f1o de Ejercicio Constitucional de la Sexag\u00e9sima Novena Legislatura.<\/p>\n","protected":false},"excerpt":{"rendered":"<p>&nbsp; *Con esta aprobaci\u00f3n, se reconoce la participaci\u00f3n efectiva de la sociedad en las decisiones&#8230;<\/p>\n","protected":false},"author":2,"featured_media":29766,"comment_status":"closed","ping_status":"closed","sticky":false,"template":"","format":"standard","meta":{"_joinchat":[],"footnotes":""},"categories":[1,2,3],"tags":[],"class_list":["post-29765","post","type-post","status-publish","format-standard","has-post-thumbnail","hentry","category-boletin","category-estado","category-health"],"_links":{"self":[{"href":"https:\/\/icoinformativo.mx\/home\/index.php?rest_route=\/wp\/v2\/posts\/29765","targetHints":{"allow":["GET"]}}],"collection":[{"href":"https:\/\/icoinformativo.mx\/home\/index.php?rest_route=\/wp\/v2\/posts"}],"about":[{"href":"https:\/\/icoinformativo.mx\/home\/index.php?rest_route=\/wp\/v2\/types\/post"}],"author":[{"embeddable":true,"href":"https:\/\/icoinformativo.mx\/home\/index.php?rest_route=\/wp\/v2\/users\/2"}],"replies":[{"embeddable":true,"href":"https:\/\/icoinformativo.mx\/home\/index.php?rest_route=%2Fwp%2Fv2%2Fcomments&post=29765"}],"version-history":[{"count":1,"href":"https:\/\/icoinformativo.mx\/home\/index.php?rest_route=\/wp\/v2\/posts\/29765\/revisions"}],"predecessor-version":[{"id":29767,"href":"https:\/\/icoinformativo.mx\/home\/index.php?rest_route=\/wp\/v2\/posts\/29765\/revisions\/29767"}],"wp:featuredmedia":[{"embeddable":true,"href":"https:\/\/icoinformativo.mx\/home\/index.php?rest_route=\/wp\/v2\/media\/29766"}],"wp:attachment":[{"href":"https:\/\/icoinformativo.mx\/home\/index.php?rest_route=%2Fwp%2Fv2%2Fmedia&parent=29765"}],"wp:term":[{"taxonomy":"category","embeddable":true,"href":"https:\/\/icoinformativo.mx\/home\/index.php?rest_route=%2Fwp%2Fv2%2Fcategories&post=29765"},{"taxonomy":"post_tag","embeddable":true,"href":"https:\/\/icoinformativo.mx\/home\/index.php?rest_route=%2Fwp%2Fv2%2Ftags&post=29765"}],"curies":[{"name":"wp","href":"https:\/\/api.w.org\/{rel}","templated":true}]}}